{"id":9432,"date":"2020-03-31T10:46:11","date_gmt":"2020-03-31T08:46:11","guid":{"rendered":"https:\/\/www.packagingpremiere.it\/?p=9432"},"modified":"2022-09-29T16:23:33","modified_gmt":"2022-09-29T14:23:33","slug":"packaging-premiere-annuncia-le-nuove-date-della-quarta-edizione","status":"publish","type":"post","link":"https:\/\/www.packagingpremiere.it\/it\/comunicati-stampa\/packaging-premiere-annuncia-le-nuove-date-della-quarta-edizione\/","title":{"rendered":"Packaging Premi\u00e8re annuncia le nuove date della quarta edizione"},"content":{"rendered":"\t\t<div data-elementor-type=\"wp-post\" data-elementor-id=\"9432\" class=\"elementor elementor-9432\" data-elementor-post-type=\"post\">\n\t\t\t\t\t\t<section class=\"elementor-section elementor-top-section elementor-element elementor-element-35694cc elementor-section-full_width elementor-section-height-default elementor-section-height-default\" data-id=\"35694cc\" data-element_type=\"section\" data-settings=\"{&quot;background_background&quot;:&quot;classic&quot;}\">\n\t\t\t\t\t\t<div class=\"elementor-container elementor-column-gap-custom\">\n\t\t\t\t\t<div class=\"elementor-column elementor-col-100 elementor-top-column elementor-element elementor-element-8c7069f\" data-id=\"8c7069f\" data-element_type=\"column\" data-settings=\"{&quot;background_background&quot;:&quot;classic&quot;}\">\n\t\t\t<div class=\"elementor-widget-wrap elementor-element-populated\">\n\t\t\t\t\t\t<div class=\"elementor-element elementor-element-61b907b elementor-widget elementor-widget-theme-post-title elementor-page-title elementor-widget-heading\" data-id=\"61b907b\" data-element_type=\"widget\" data-widget_type=\"theme-post-title.default\">\n\t\t\t\t<div class=\"elementor-widget-container\">\n\t\t\t\t\t<h1 class=\"elementor-heading-title elementor-size-default\">Packaging Premi\u00e8re annuncia le nuove date della quarta edizione<\/h1>\t\t\t\t<\/div>\n\t\t\t\t<\/div>\n\t\t\t\t\t<\/div>\n\t\t<\/div>\n\t\t\t\t\t<\/div>\n\t\t<\/section>\n\t\t\t\t<section class=\"elementor-section elementor-top-section elementor-element elementor-element-0bdcb8b elementor-section-full_width elementor-section-height-default elementor-section-height-default\" data-id=\"0bdcb8b\" data-element_type=\"section\" data-settings=\"{&quot;background_background&quot;:&quot;classic&quot;}\">\n\t\t\t\t\t\t<div class=\"elementor-container elementor-column-gap-custom\">\n\t\t\t\t\t<div class=\"elementor-column elementor-col-100 elementor-top-column elementor-element elementor-element-4946b40\" data-id=\"4946b40\" data-element_type=\"column\">\n\t\t\t<div class=\"elementor-widget-wrap elementor-element-populated\">\n\t\t\t\t\t\t<section class=\"elementor-section elementor-inner-section elementor-element elementor-element-9b04e1b elementor-section-full_width elementor-section-height-default elementor-section-height-default\" data-id=\"9b04e1b\" data-element_type=\"section\">\n\t\t\t\t\t\t<div class=\"elementor-container elementor-column-gap-default\">\n\t\t\t\t\t<div class=\"elementor-column elementor-col-50 elementor-inner-column elementor-element elementor-element-b9d35cd\" data-id=\"b9d35cd\" data-element_type=\"column\" data-settings=\"{&quot;background_background&quot;:&quot;classic&quot;}\">\n\t\t\t<div class=\"elementor-widget-wrap elementor-element-populated\">\n\t\t\t\t\t\t<div class=\"elementor-element elementor-element-d218a3e elementor-widget elementor-widget-post-info\" data-id=\"d218a3e\" data-element_type=\"widget\" data-widget_type=\"post-info.default\">\n\t\t\t\t<div class=\"elementor-widget-container\">\n\t\t\t\t\t\t\t<ul class=\"elementor-inline-items elementor-icon-list-items elementor-post-info\">\n\t\t\t\t\t\t\t\t<li class=\"elementor-icon-list-item elementor-repeater-item-24b06d9 elementor-inline-item\" itemprop=\"datePublished\">\n\t\t\t\t\t\t<a href=\"https:\/\/www.packagingpremiere.it\/it\/2020\/03\/31\/\">\n\t\t\t\t\t\t\t\t\t\t\t\t\t\t<span class=\"elementor-icon-list-text elementor-post-info__item elementor-post-info__item--type-date\">\n\t\t\t\t\t\t\t\t\t\t<time>Marzo 31, 2020<\/time>\t\t\t\t\t<\/span>\n\t\t\t\t\t\t\t\t\t<\/a>\n\t\t\t\t<\/li>\n\t\t\t\t<\/ul>\n\t\t\t\t\t\t<\/div>\n\t\t\t\t<\/div>\n\t\t\t\t<div class=\"elementor-element elementor-element-0a0088c elementor-widget elementor-widget-text-editor\" data-id=\"0a0088c\" data-element_type=\"widget\" data-widget_type=\"text-editor.default\">\n\t\t\t\t<div class=\"elementor-widget-container\">\n\t\t\t\t\t\t\t\t\t<p><em><strong>Milano, 31-03-2020<\/strong><\/em> \u2013 Packaging Premi\u00e8re, annuncia le nuove date per la quarta edizione che si terr\u00e0 dal 15 al 17 settembre 2020. Sar\u00e0 un&#8217;edizione ricca di contenuti di qualit\u00e0 per la community internazionale del luxury packaging.<\/p>\t\t\t\t\t\t\t\t<\/div>\n\t\t\t\t<\/div>\n\t\t\t\t<div class=\"elementor-element elementor-element-a52410f elementor-widget elementor-widget-text-editor\" data-id=\"a52410f\" data-element_type=\"widget\" data-widget_type=\"text-editor.default\">\n\t\t\t\t<div class=\"elementor-widget-container\">\n\t\t\t\t\t\t\t\t\t<section class=\"elementor-section elementor-top-section elementor-element elementor-element-78a3920 elementor-section-boxed elementor-section-height-default elementor-section-height-default\" data-id=\"78a3920\" data-element_type=\"section\"><div class=\"elementor-container elementor-column-gap-default\"><div class=\"elementor-row\"><div class=\"elementor-column elementor-col-100 elementor-top-column elementor-element elementor-element-072309e\" data-id=\"072309e\" data-element_type=\"column\"><div class=\"elementor-column-wrap elementor-element-populated\"><div class=\"elementor-widget-wrap\"><div class=\"elementor-element elementor-element-0a5ba4e elementor-widget elementor-widget-text-editor\" data-id=\"0a5ba4e\" data-element_type=\"widget\" data-widget_type=\"text-editor.default\"><div class=\"elementor-widget-container\"><div class=\"elementor-text-editor elementor-clearfix\"><p><strong>Packaging Premi\u00e8re, l\u2019esposizione selettiva dedicata al luxury packaging annuncia oggi le nuove date della quarta edizione, che si terr\u00e0 dal 15 al 17 settembre 2020 presso Fieramilanocity, Padiglione 4.<\/strong><\/p><\/div><\/div><\/div><\/div><\/div><\/div><\/div><\/div><\/section><section class=\"elementor-section elementor-top-section elementor-element elementor-element-67b8428 elementor-section-boxed elementor-section-height-default elementor-section-height-default\" data-id=\"67b8428\" data-element_type=\"section\"><div class=\"elementor-container elementor-column-gap-default\"><div class=\"elementor-row\"><div class=\"elementor-column elementor-col-100 elementor-top-column elementor-element elementor-element-4aee1b4\" data-id=\"4aee1b4\" data-element_type=\"column\"><div class=\"elementor-column-wrap elementor-element-populated\"><div class=\"elementor-widget-wrap\"><div class=\"elementor-element elementor-element-422f483 elementor-widget elementor-widget-text-editor\" data-id=\"422f483\" data-element_type=\"widget\" data-widget_type=\"text-editor.default\"><div class=\"elementor-widget-container\"><div class=\"elementor-text-editor elementor-clearfix\"><p>Alla luce della diffusione su scala internazionale del Coronavirus COVID-19 e della dichiarazione di stato di pandemia globale, Easyfairs Italia, organizzatore di Packaging Premi\u00e8re, ha continuato a seguire con attenzione l\u2019evolversi della situazione, in accordo con le raccomandazioni della World Health Organisation e le indicazioni delle autorit\u00e0 locali e nazionali competenti. Considerando le imprevedibili, inevitabili e senza precedenti ripercussioni del Coronavirus e il rischio di una potenziale amplificazione della trasmissibilit\u00e0 durante gli eventi, con conseguenti problematiche a livello sanitario, l\u2019organizzazione delle manifestazioni risulta compromessa.<\/p><p>La priorit\u00e0 di Easyfairs Italia \u00e8 la salute e la sicurezza dei propri dipendenti, visitatori ed espositori nonch\u00e9 degli stakeholder coinvolti nelle proprie attivit\u00e0 e per questo motivo continua a seguire con estrema cura e attenzione la situazione.<\/p><p>Per questo motivo, Packaging Premi\u00e8re ha deciso di posticipare l\u2019edizione 2020 nel mese di\u00a0settembre, per garantire le condizioni di sicurezza ottimali ad espositori, visitatori e staff, nel tentativo di supportare al meglio le istituzioni e le autorit\u00e0.<\/p><p>Pier Paolo Ponchia, organizzatore di Packaging Premi\u00e8re, dichiara: \u201cA livello mondiale stiamo affrontando un momento particolarmente critico e difficile e continuando a seguire passo a passo l\u2019evolversi della situazione, abbiamo prudentemente scelto di proteggere la salute dei nostri espositori e visitatori, optando per delle date alternative. Questa nostra decisione \u00e8 stata presa con la consapevolezza di partecipare ad uno sforzo collettivo nel prendere le misure necessarie per contenere la diffusione del virus. Continueremo a lavorare con impegno alla quarta edizione, per soddisfare le aspettative del nostro pubblico e rendere l\u2019evento un successo per tutti\u201d.<\/p><p>Packaging Premi\u00e8re \u00e8 pronto a sorprendere la propria community con una quarta edizione ricca di contenuti ed appuntamenti: dai seminari ai progetti avant-garde, dall\u2019arte alla formazione, oltre ai momenti di incontro che si traducono in opportunit\u00e0 di business.<\/p><\/div><\/div><\/div><\/div><\/div><\/div><\/div><\/div><\/section>\t\t\t\t\t\t\t\t<\/div>\n\t\t\t\t<\/div>\n\t\t\t\t<div class=\"elementor-element elementor-element-c0b3b8d elementor-widget elementor-widget-image\" data-id=\"c0b3b8d\" data-element_type=\"widget\" data-widget_type=\"image.default\">\n\t\t\t\t<div class=\"elementor-widget-container\">\n\t\t\t\t\t\t\t\t\t\t\t\t\t\t\t<img fetchpriority=\"high\" decoding=\"async\" width=\"1200\" height=\"800\" src=\"https:\/\/easyfairsassets.com\/sites\/60\/2022\/01\/Foto-sito-1200x800-1.jpg\" class=\"attachment-full size-full wp-image-815\" alt=\"\" srcset=\"https:\/\/easyfairsassets.com\/sites\/60\/2022\/01\/Foto-sito-1200x800-1.jpg 1200w, https:\/\/easyfairsassets.com\/sites\/60\/2022\/01\/Foto-sito-1200x800-1-300x200.jpg 300w, https:\/\/easyfairsassets.com\/sites\/60\/2022\/01\/Foto-sito-1200x800-1-1024x683.jpg 1024w, https:\/\/easyfairsassets.com\/sites\/60\/2022\/01\/Foto-sito-1200x800-1-768x512.jpg 768w\" sizes=\"(max-width: 1200px) 100vw, 1200px\" \/>\t\t\t\t\t\t\t\t\t\t\t\t\t\t\t<\/div>\n\t\t\t\t<\/div>\n\t\t\t\t<div class=\"elementor-element elementor-element-14587ae elementor-align-justify elementor-hidden-desktop elementor-hidden-tablet elementor-hidden-mobile elementor-widget elementor-widget-dynamic-button\" data-id=\"14587ae\" data-element_type=\"widget\" data-settings=\"{&quot;_animation&quot;:&quot;none&quot;}\" data-widget_type=\"dynamic-button.default\">\n\t\t\t\t<div class=\"elementor-widget-container\">\n\t\t\t\t\t        <div class=\"elementor-button-wrapper\">\n            <a href=\"https:\/\/\" class=\"elementor-button-link elementor-button elementor-size-sm elementor-animation-grow\" role=\"button\">\n                        <span class=\"elementor-button-content-wrapper\">\n\t\t\t                <span class=\"elementor-button-icon elementor-align-icon-right\">\n\t\t\t\t<i aria-hidden=\"true\" class=\"fas fa-angle-right\"><\/i>\t\t\t<\/span>\n            \t\t\t<span class=\"elementor-button-text\">Click here<\/span>\n\t\t<\/span>\n                    <\/a>\n        <\/div>\n        \t\t\t\t<\/div>\n\t\t\t\t<\/div>\n\t\t\t\t<div class=\"elementor-element elementor-element-62ea236 elementor-icon-list--layout-inline elementor-align-center elementor-tablet-align-center elementor-list-item-link-full_width elementor-widget elementor-widget-icon-list\" data-id=\"62ea236\" data-element_type=\"widget\" data-widget_type=\"icon-list.default\">\n\t\t\t\t<div class=\"elementor-widget-container\">\n\t\t\t\t\t\t\t<ul class=\"elementor-icon-list-items elementor-inline-items\">\n\t\t\t\t\t\t\t<li class=\"elementor-icon-list-item elementor-inline-item\">\n\t\t\t\t\t\t\t\t\t\t\t<a href=\"https:\/\/www.facebook.com\/packagingpremiere\/\">\n\n\t\t\t\t\t\t\t\t\t\t\t\t<span class=\"elementor-icon-list-icon\">\n\t\t\t\t\t\t\t<i aria-hidden=\"true\" class=\"fab fa-facebook-f\"><\/i>\t\t\t\t\t\t<\/span>\n\t\t\t\t\t\t\t\t\t\t<span class=\"elementor-icon-list-text\"><\/span>\n\t\t\t\t\t\t\t\t\t\t\t<\/a>\n\t\t\t\t\t\t\t\t\t<\/li>\n\t\t\t\t\t\t\t\t<li class=\"elementor-icon-list-item elementor-inline-item\">\n\t\t\t\t\t\t\t\t\t\t\t<a href=\"https:\/\/www.instagram.com\/packagingpremiere\/\">\n\n\t\t\t\t\t\t\t\t\t\t\t\t<span class=\"elementor-icon-list-icon\">\n\t\t\t\t\t\t\t<i aria-hidden=\"true\" class=\"fab fa-instagram\"><\/i>\t\t\t\t\t\t<\/span>\n\t\t\t\t\t\t\t\t\t\t<span class=\"elementor-icon-list-text\"><\/span>\n\t\t\t\t\t\t\t\t\t\t\t<\/a>\n\t\t\t\t\t\t\t\t\t<\/li>\n\t\t\t\t\t\t\t\t<li class=\"elementor-icon-list-item elementor-inline-item\">\n\t\t\t\t\t\t\t\t\t\t\t<a href=\"https:\/\/www.linkedin.com\/company\/packaging-premi%C3%A8re\/\">\n\n\t\t\t\t\t\t\t\t\t\t\t\t<span class=\"elementor-icon-list-icon\">\n\t\t\t\t\t\t\t<i aria-hidden=\"true\" class=\"fab fa-linkedin\"><\/i>\t\t\t\t\t\t<\/span>\n\t\t\t\t\t\t\t\t\t\t<span class=\"elementor-icon-list-text\"><\/span>\n\t\t\t\t\t\t\t\t\t\t\t<\/a>\n\t\t\t\t\t\t\t\t\t<\/li>\n\t\t\t\t\t\t\t\t<li class=\"elementor-icon-list-item elementor-inline-item\">\n\t\t\t\t\t\t\t\t\t\t\t<a href=\"https:\/\/www.youtube.com\/channel\/UClPETJwTMY5MjhzmgJTlRJg\">\n\n\t\t\t\t\t\t\t\t\t\t\t\t<span class=\"elementor-icon-list-icon\">\n\t\t\t\t\t\t\t<i aria-hidden=\"true\" class=\"fab fa-youtube\"><\/i>\t\t\t\t\t\t<\/span>\n\t\t\t\t\t\t\t\t\t\t<span class=\"elementor-icon-list-text\"><\/span>\n\t\t\t\t\t\t\t\t\t\t\t<\/a>\n\t\t\t\t\t\t\t\t\t<\/li>\n\t\t\t\t\t\t<\/ul>\n\t\t\t\t\t\t<\/div>\n\t\t\t\t<\/div>\n\t\t\t\t<div class=\"elementor-element elementor-element-6b32fe3 elementor-widget elementor-widget-heading\" data-id=\"6b32fe3\" data-element_type=\"widget\" data-widget_type=\"heading.default\">\n\t\t\t\t<div class=\"elementor-widget-container\">\n\t\t\t\t\t<h2 class=\"elementor-heading-title elementor-size-default\"><b>Condividi l'articolo<\/b><\/h2>\t\t\t\t<\/div>\n\t\t\t\t<\/div>\n\t\t\t\t<div class=\"elementor-element elementor-element-e442f9d elementor-share-buttons--view-icon-text elementor-share-buttons--skin-gradient elementor-share-buttons--shape-square elementor-grid-0 elementor-share-buttons--color-official elementor-widget elementor-widget-share-buttons\" data-id=\"e442f9d\" data-element_type=\"widget\" data-widget_type=\"share-buttons.default\">\n\t\t\t\t<div class=\"elementor-widget-container\">\n\t\t\t\t\t\t\t<div class=\"elementor-grid\" role=\"list\">\n\t\t\t\t\t\t\t\t<div class=\"elementor-grid-item\" role=\"listitem\">\n\t\t\t\t\t\t<div class=\"elementor-share-btn elementor-share-btn_facebook\" role=\"button\" tabindex=\"0\" aria-label=\"Share on facebook\">\n\t\t\t\t\t\t\t\t\t\t\t\t\t\t\t<span class=\"elementor-share-btn__icon\">\n\t\t\t\t\t\t\t\t<i class=\"fab fa-facebook\" aria-hidden=\"true\"><\/i>\t\t\t\t\t\t\t<\/span>\n\t\t\t\t\t\t\t\t\t\t\t\t\t\t\t\t\t\t\t\t\t\t<div class=\"elementor-share-btn__text\">\n\t\t\t\t\t\t\t\t\t\t\t\t\t\t\t\t\t\t\t<span class=\"elementor-share-btn__title\">\n\t\t\t\t\t\t\t\t\t\tFacebook\t\t\t\t\t\t\t\t\t<\/span>\n\t\t\t\t\t\t\t\t\t\t\t\t\t\t\t\t\t<\/div>\n\t\t\t\t\t\t\t\t\t\t\t\t\t<\/div>\n\t\t\t\t\t<\/div>\n\t\t\t\t\t\t\t\t\t<div class=\"elementor-grid-item\" role=\"listitem\">\n\t\t\t\t\t\t<div class=\"elementor-share-btn elementor-share-btn_linkedin\" role=\"button\" tabindex=\"0\" aria-label=\"Share on linkedin\">\n\t\t\t\t\t\t\t\t\t\t\t\t\t\t\t<span class=\"elementor-share-btn__icon\">\n\t\t\t\t\t\t\t\t<i class=\"fab fa-linkedin\" aria-hidden=\"true\"><\/i>\t\t\t\t\t\t\t<\/span>\n\t\t\t\t\t\t\t\t\t\t\t\t\t\t\t\t\t\t\t\t\t\t<div class=\"elementor-share-btn__text\">\n\t\t\t\t\t\t\t\t\t\t\t\t\t\t\t\t\t\t\t<span class=\"elementor-share-btn__title\">\n\t\t\t\t\t\t\t\t\t\tLinkedIn\t\t\t\t\t\t\t\t\t<\/span>\n\t\t\t\t\t\t\t\t\t\t\t\t\t\t\t\t\t<\/div>\n\t\t\t\t\t\t\t\t\t\t\t\t\t<\/div>\n\t\t\t\t\t<\/div>\n\t\t\t\t\t\t<\/div>\n\t\t\t\t\t\t<\/div>\n\t\t\t\t<\/div>\n\t\t\t\t\t<\/div>\n\t\t<\/div>\n\t\t\t\t<div class=\"elementor-column elementor-col-50 elementor-inner-column elementor-element elementor-element-453f3b9\" data-id=\"453f3b9\" data-element_type=\"column\" data-settings=\"{&quot;background_background&quot;:&quot;classic&quot;}\">\n\t\t\t<div class=\"elementor-widget-wrap elementor-element-populated\">\n\t\t\t\t\t\t<div class=\"elementor-element elementor-element-aa25d61 elementor-widget elementor-widget-theme-post-featured-image elementor-widget-image\" data-id=\"aa25d61\" data-element_type=\"widget\" data-widget_type=\"theme-post-featured-image.default\">\n\t\t\t\t<div class=\"elementor-widget-container\">\n\t\t\t\t\t\t\t\t\t\t\t\t\t\t\t<img decoding=\"async\" width=\"1200\" height=\"800\" src=\"https:\/\/easyfairsassets.com\/sites\/60\/2022\/01\/IMG_2049-1.jpg\" class=\"attachment-full size-full wp-image-704\" alt=\"\" srcset=\"https:\/\/easyfairsassets.com\/sites\/60\/2022\/01\/IMG_2049-1.jpg 1200w, https:\/\/easyfairsassets.com\/sites\/60\/2022\/01\/IMG_2049-1-300x200.jpg 300w, https:\/\/easyfairsassets.com\/sites\/60\/2022\/01\/IMG_2049-1-1024x683.jpg 1024w, https:\/\/easyfairsassets.com\/sites\/60\/2022\/01\/IMG_2049-1-768x512.jpg 768w\" sizes=\"(max-width: 1200px) 100vw, 1200px\" \/>\t\t\t\t\t\t\t\t\t\t\t\t\t\t\t<\/div>\n\t\t\t\t<\/div>\n\t\t\t\t<div class=\"elementor-element elementor-element-a044569 elementor-hidden-desktop elementor-hidden-tablet elementor-hidden-mobile elementor-widget elementor-widget-theme-post-featured-image elementor-widget-image\" data-id=\"a044569\" data-element_type=\"widget\" data-widget_type=\"theme-post-featured-image.default\">\n\t\t\t\t<div class=\"elementor-widget-container\">\n\t\t\t\t\t\t\t\t\t\t\t\t\t\t\t<img decoding=\"async\" width=\"800\" height=\"534\" src=\"https:\/\/easyfairsassets.com\/sites\/60\/2022\/01\/IMG_2049-1-1024x683.jpg\" class=\"attachment-large size-large wp-image-704\" alt=\"\" srcset=\"https:\/\/easyfairsassets.com\/sites\/60\/2022\/01\/IMG_2049-1-1024x683.jpg 1024w, https:\/\/easyfairsassets.com\/sites\/60\/2022\/01\/IMG_2049-1-300x200.jpg 300w, https:\/\/easyfairsassets.com\/sites\/60\/2022\/01\/IMG_2049-1-768x512.jpg 768w, https:\/\/easyfairsassets.com\/sites\/60\/2022\/01\/IMG_2049-1.jpg 1200w\" sizes=\"(max-width: 800px) 100vw, 800px\" \/>\t\t\t\t\t\t\t\t\t\t\t\t\t\t\t<\/div>\n\t\t\t\t<\/div>\n\t\t\t\t<div class=\"elementor-element elementor-element-96d9233 elementor-hidden-desktop elementor-hidden-tablet elementor-hidden-mobile elementor-widget elementor-widget-text-editor\" data-id=\"96d9233\" data-element_type=\"widget\" data-widget_type=\"text-editor.default\">\n\t\t\t\t<div class=\"elementor-widget-container\">\n\t\t\t\t\t\t\t\t\t<p>Lorem ipsum dolor sit amet, consectetur adipiscing elit Lorem ipsum dolor sit amet, consectetur adipiscing elit<\/p>\t\t\t\t\t\t\t\t<\/div>\n\t\t\t\t<\/div>\n\t\t\t\t<div class=\"elementor-element elementor-element-f3afd38 elementor-widget elementor-widget-spacer\" data-id=\"f3afd38\" data-element_type=\"widget\" data-widget_type=\"spacer.default\">\n\t\t\t\t<div class=\"elementor-widget-container\">\n\t\t\t\t\t\t\t<div class=\"elementor-spacer\">\n\t\t\t<div class=\"elementor-spacer-inner\"><\/div>\n\t\t<\/div>\n\t\t\t\t\t\t<\/div>\n\t\t\t\t<\/div>\n\t\t\t\t<div class=\"elementor-element elementor-element-23c76e8 elementor-widget elementor-widget-heading\" data-id=\"23c76e8\" data-element_type=\"widget\" data-widget_type=\"heading.default\">\n\t\t\t\t<div class=\"elementor-widget-container\">\n\t\t\t\t\t<h2 class=\"elementor-heading-title elementor-size-default\">Le ultime news da Packaging Premi\u00e8re e PCD Milan<\/h2>\t\t\t\t<\/div>\n\t\t\t\t<\/div>\n\t\t\t\t<div class=\"elementor-element elementor-element-ebc895c elementor-align-justify elementor-widget elementor-widget-dynamic-button\" data-id=\"ebc895c\" data-element_type=\"widget\" data-settings=\"{&quot;_animation&quot;:&quot;none&quot;}\" data-widget_type=\"dynamic-button.default\">\n\t\t\t\t<div class=\"elementor-widget-container\">\n\t\t\t\t\t        <div class=\"elementor-button-wrapper\">\n            <a href=\"https:\/\/www.packagingpremiere.it\/it\/iscriviti-alla-newsletter\/\" class=\"elementor-button-link elementor-button elementor-size-sm elementor-animation-grow\" role=\"button\">\n                        <span class=\"elementor-button-content-wrapper\">\n\t\t\t                <span class=\"elementor-button-icon elementor-align-icon-right\">\n\t\t\t\t<i aria-hidden=\"true\" class=\"fas fa-angle-right\"><\/i>\t\t\t<\/span>\n            \t\t\t<span class=\"elementor-button-text\">Iscriviti alla newsletter<\/span>\n\t\t<\/span>\n                    <\/a>\n        <\/div>\n        \t\t\t\t<\/div>\n\t\t\t\t<\/div>\n\t\t\t\t\t<\/div>\n\t\t<\/div>\n\t\t\t\t\t<\/div>\n\t\t<\/section>\n\t\t\t\t\t<\/div>\n\t\t<\/div>\n\t\t\t\t\t<\/div>\n\t\t<\/section>\n\t\t\t\t<\/div>\n\t\t","protected":false},"excerpt":{"rendered":"<p>Packaging Premi\u00e8re annuncia le nuove date della quarta edizione: dal 15 al 17 settembre 2020.<\/p>\n","protected":false},"author":1,"featured_media":704,"comment_status":"open","ping_status":"open","sticky":false,"template":"","format":"standard","meta":{"_seopress_robots_primary_cat":"none","_seopress_titles_title":"Packaging Premi\u00e8re si prepara alla sua quarta edizione. %%sep%% %%sitetitle%%","_seopress_titles_desc":"Packaging Premi\u00e8re annuncia le nuove date della quarta edizione: dal 15 al 17 settembre 2020.","_seopress_robots_index":"","footnotes":""},"categories":[353],"tags":[],"edition":[],"class_list":["post-9432","post","type-post","status-publish","format-standard","has-post-thumbnail","hentry","category-comunicati-stampa"],"_links":{"self":[{"href":"https:\/\/www.packagingpremiere.it\/it\/wp-json\/wp\/v2\/posts\/9432","targetHints":{"allow":["GET"]}}],"collection":[{"href":"https:\/\/www.packagingpremiere.it\/it\/wp-json\/wp\/v2\/posts"}],"about":[{"href":"https:\/\/www.packagingpremiere.it\/it\/wp-json\/wp\/v2\/types\/post"}],"author":[{"embeddable":true,"href":"https:\/\/www.packagingpremiere.it\/it\/wp-json\/wp\/v2\/users\/1"}],"replies":[{"embeddable":true,"href":"https:\/\/www.packagingpremiere.it\/it\/wp-json\/wp\/v2\/comments?post=9432"}],"version-history":[{"count":5,"href":"https:\/\/www.packagingpremiere.it\/it\/wp-json\/wp\/v2\/posts\/9432\/revisions"}],"predecessor-version":[{"id":35234,"href":"https:\/\/www.packagingpremiere.it\/it\/wp-json\/wp\/v2\/posts\/9432\/revisions\/35234"}],"wp:featuredmedia":[{"embeddable":true,"href":"https:\/\/www.packagingpremiere.it\/it\/wp-json\/wp\/v2\/media\/704"}],"wp:attachment":[{"href":"https:\/\/www.packagingpremiere.it\/it\/wp-json\/wp\/v2\/media?parent=9432"}],"wp:term":[{"taxonomy":"category","embeddable":true,"href":"https:\/\/www.packagingpremiere.it\/it\/wp-json\/wp\/v2\/categories?post=9432"},{"taxonomy":"post_tag","embeddable":true,"href":"https:\/\/www.packagingpremiere.it\/it\/wp-json\/wp\/v2\/tags?post=9432"},{"taxonomy":"edition","embeddable":true,"href":"https:\/\/www.packagingpremiere.it\/it\/wp-json\/wp\/v2\/edition?post=9432"}],"curies":[{"name":"wp","href":"https:\/\/api.w.org\/{rel}","templated":true}]}}