{"id":87096,"date":"2023-12-20T17:00:02","date_gmt":"2023-12-20T16:00:02","guid":{"rendered":"https:\/\/www.packagingpremiere.it\/?p=87096"},"modified":"2024-03-08T11:18:44","modified_gmt":"2024-03-08T10:18:44","slug":"art-gallery-2024-collaborazione-arte-digitale-vincenzo-marsiglia","status":"publish","type":"post","link":"https:\/\/www.packagingpremiere.it\/it\/non-categorizzato\/art-gallery-2024-collaborazione-arte-digitale-vincenzo-marsiglia\/","title":{"rendered":"Art-Gallery 2024: la collaborazione all&#8217;insegna dell&#8217;arte digitale con l&#8217;artista Vincenzo Marsiglia."},"content":{"rendered":"\t\t<div data-elementor-type=\"wp-post\" data-elementor-id=\"87096\" class=\"elementor elementor-87096\" data-elementor-post-type=\"post\">\n\t\t\t\t\t\t<section class=\"elementor-section elementor-top-section elementor-element elementor-element-35694cc elementor-section-full_width elementor-section-height-default elementor-section-height-default\" data-id=\"35694cc\" data-element_type=\"section\" data-settings=\"{&quot;background_background&quot;:&quot;classic&quot;}\">\n\t\t\t\t\t\t<div class=\"elementor-container elementor-column-gap-custom\">\n\t\t\t\t\t<div class=\"elementor-column elementor-col-100 elementor-top-column elementor-element elementor-element-8c7069f\" data-id=\"8c7069f\" data-element_type=\"column\" data-settings=\"{&quot;background_background&quot;:&quot;classic&quot;}\">\n\t\t\t<div class=\"elementor-widget-wrap elementor-element-populated\">\n\t\t\t\t\t\t<div class=\"elementor-element elementor-element-61b907b elementor-widget elementor-widget-theme-post-title elementor-page-title elementor-widget-heading\" data-id=\"61b907b\" data-element_type=\"widget\" data-widget_type=\"theme-post-title.default\">\n\t\t\t\t<div class=\"elementor-widget-container\">\n\t\t\t\t\t<h1 class=\"elementor-heading-title elementor-size-default\">Art-Gallery 2024: la collaborazione all&#8217;insegna dell&#8217;arte digitale con l&#8217;artista Vincenzo Marsiglia.<\/h1>\t\t\t\t<\/div>\n\t\t\t\t<\/div>\n\t\t\t\t<section class=\"elementor-section elementor-inner-section elementor-element elementor-element-9b04e1b elementor-section-full_width elementor-section-height-default elementor-section-height-default\" data-id=\"9b04e1b\" data-element_type=\"section\">\n\t\t\t\t\t\t<div class=\"elementor-container elementor-column-gap-default\">\n\t\t\t\t\t<div class=\"elementor-column elementor-col-50 elementor-inner-column elementor-element elementor-element-b9d35cd\" data-id=\"b9d35cd\" data-element_type=\"column\" data-settings=\"{&quot;background_background&quot;:&quot;classic&quot;}\">\n\t\t\t<div class=\"elementor-widget-wrap elementor-element-populated\">\n\t\t\t\t\t\t<div class=\"elementor-element elementor-element-d218a3e elementor-widget elementor-widget-post-info\" data-id=\"d218a3e\" data-element_type=\"widget\" data-widget_type=\"post-info.default\">\n\t\t\t\t<div class=\"elementor-widget-container\">\n\t\t\t\t\t\t\t<ul class=\"elementor-inline-items elementor-icon-list-items elementor-post-info\">\n\t\t\t\t\t\t\t\t<li class=\"elementor-icon-list-item elementor-repeater-item-24b06d9 elementor-inline-item\" itemprop=\"datePublished\">\n\t\t\t\t\t\t<a href=\"https:\/\/www.packagingpremiere.it\/it\/2023\/12\/20\/\">\n\t\t\t\t\t\t\t\t\t\t\t\t\t\t<span class=\"elementor-icon-list-text elementor-post-info__item elementor-post-info__item--type-date\">\n\t\t\t\t\t\t\t\t\t\t<time>Dicembre 20, 2023<\/time>\t\t\t\t\t<\/span>\n\t\t\t\t\t\t\t\t\t<\/a>\n\t\t\t\t<\/li>\n\t\t\t\t<\/ul>\n\t\t\t\t\t\t<\/div>\n\t\t\t\t<\/div>\n\t\t\t\t<div class=\"elementor-element elementor-element-0a0088c elementor-widget elementor-widget-text-editor\" data-id=\"0a0088c\" data-element_type=\"widget\" data-widget_type=\"text-editor.default\">\n\t\t\t\t<div class=\"elementor-widget-container\">\n\t\t\t\t\t\t\t\t\t<p>Vincenzo Marsiglia \u00e8 l&#8217;artista con cui Packaging Premi\u00e8re &amp; PCD collabora per allestire l&#8217;ingresso e l&#8217;Art-Gallery dell&#8217;evento e sorprendere i visitatori con illusioni, effetti e opere di arte digitale.<\/p>\t\t\t\t\t\t\t\t<\/div>\n\t\t\t\t<\/div>\n\t\t\t\t<div class=\"elementor-element elementor-element-d4f9c07 elementor-widget elementor-widget-text-editor\" data-id=\"d4f9c07\" data-element_type=\"widget\" data-widget_type=\"text-editor.default\">\n\t\t\t\t<div class=\"elementor-widget-container\">\n\t\t\t\t\t\t\t\t\t<p>Marsiglia, artista che sperimenta l&#8217;uso di tecnologie per testare le propriet\u00e0 del suo linguaggio in funzione di nuove soluzioni espressive e docente presso l&#8217;Accademia di Belle Arti Aldo Galli &#8211; IED di Como e l\u2019Accademia di Belle Arti Santa Giulia di Brescia, allestir\u00e0 l&#8217;ingresso di Packaging Premi\u00e8re &amp; PCD Milan e l&#8217;Art-Gallery.<\/p><p>Quest\u2019area sar\u00e0 dedicata ai ragazzi delle due Accademie in cui insegna, l\u2019Accademia Aldo Galli di Como e l\u2019Accademia Santa Giulia di Brescia, dove ha selezionato una serie di lavori meritevoli per una grande occasione come Packaging Premi\u00e8re &amp; PCD Milan.<\/p><p>Vincenzo Marsiglia ha creato la grafica dell&#8217;anno che sar\u00e0 protagonista delle grafiche, dei progetti stampati e digitali e dell&#8217;allestimento di Packaging Premi\u00e8re &amp; PCD Milan 2024.<\/p>\t\t\t\t\t\t\t\t<\/div>\n\t\t\t\t<\/div>\n\t\t\t\t<div class=\"elementor-element elementor-element-c48ff9a elementor-widget elementor-widget-image\" data-id=\"c48ff9a\" data-element_type=\"widget\" data-widget_type=\"image.default\">\n\t\t\t\t<div class=\"elementor-widget-container\">\n\t\t\t\t\t\t\t\t\t\t\t\t\t\t\t<img fetchpriority=\"high\" decoding=\"async\" width=\"800\" height=\"800\" src=\"https:\/\/easyfairsassets.com\/sites\/60\/2023\/12\/IG-POST-7-1024x1024.png\" class=\"attachment-large size-large wp-image-87121\" alt=\"\" srcset=\"https:\/\/easyfairsassets.com\/sites\/60\/2023\/12\/IG-POST-7-1024x1024.png 1024w, https:\/\/easyfairsassets.com\/sites\/60\/2023\/12\/IG-POST-7-300x300.png 300w, https:\/\/easyfairsassets.com\/sites\/60\/2023\/12\/IG-POST-7-150x150.png 150w, https:\/\/easyfairsassets.com\/sites\/60\/2023\/12\/IG-POST-7-768x768.png 768w, https:\/\/easyfairsassets.com\/sites\/60\/2023\/12\/IG-POST-7.png 1080w\" sizes=\"(max-width: 800px) 100vw, 800px\" \/>\t\t\t\t\t\t\t\t\t\t\t\t\t\t\t<\/div>\n\t\t\t\t<\/div>\n\t\t\t\t<div class=\"elementor-element elementor-element-7011956 elementor-widget elementor-widget-text-editor\" data-id=\"7011956\" data-element_type=\"widget\" data-widget_type=\"text-editor.default\">\n\t\t\t\t<div class=\"elementor-widget-container\">\n\t\t\t\t\t\t\t\t\t<p><em>Il progetto dell&#8217;Art-Gallery<\/em><\/p>\t\t\t\t\t\t\t\t<\/div>\n\t\t\t\t<\/div>\n\t\t\t\t<div class=\"elementor-element elementor-element-fedef81 elementor-widget elementor-widget-text-editor\" data-id=\"fedef81\" data-element_type=\"widget\" data-widget_type=\"text-editor.default\">\n\t\t\t\t<div class=\"elementor-widget-container\">\n\t\t\t\t\t\t\t\t\t<p>Per la realizzazione del progetto NFT sar\u00e0 coinvolta la nuova piattaforma italiana Openverse,\u00ad dove tutte le opere digitali verranno inserite nel mondo della crypto.<\/p><p>L\u2019installazione delle opere saranno tutte su schermo in verticale e con un allestimento particolare creato con delle pareti che creeranno delle diagonali per permettere una visione pi\u00f9 amplia del progetto, questa \u00e8 la nuova modalit\u00e0 di fruizione dell\u2019arte digitale, sar\u00e0 creato un colore che possa ricordare il mondo nft e del packaging, per poter donare eleganza e immersione quindi un tutt\u2019uno con la pavimentazione e le pareti.<\/p><p>Ogni studente ha realizzato la propria opera secondo la sua espressione artistica con le sue tematiche proprio per poter dare ampio respiro alla creativit\u00e0 personale, quindi senza un tema, perch\u00e9 in questo modo si arriva alla pura espressione artistica digitale.<\/p>\t\t\t\t\t\t\t\t<\/div>\n\t\t\t\t<\/div>\n\t\t\t\t<div class=\"elementor-element elementor-element-e6f04c9 elementor-widget elementor-widget-image\" data-id=\"e6f04c9\" data-element_type=\"widget\" data-widget_type=\"image.default\">\n\t\t\t\t<div class=\"elementor-widget-container\">\n\t\t\t\t\t\t\t\t\t\t\t\t\t\t\t<img decoding=\"async\" width=\"800\" height=\"409\" src=\"https:\/\/easyfairsassets.com\/sites\/60\/2023\/12\/stanzaA1.jpg\" class=\"attachment-large size-large wp-image-87099\" alt=\"Art Gallery\" srcset=\"https:\/\/easyfairsassets.com\/sites\/60\/2023\/12\/stanzaA1.jpg 1200w, https:\/\/easyfairsassets.com\/sites\/60\/2023\/12\/stanzaA1-300x153.jpg 300w, https:\/\/easyfairsassets.com\/sites\/60\/2023\/12\/stanzaA1-768x392.jpg 768w\" sizes=\"(max-width: 800px) 100vw, 800px\" \/>\t\t\t\t\t\t\t\t\t\t\t\t\t\t\t<\/div>\n\t\t\t\t<\/div>\n\t\t\t\t<div class=\"elementor-element elementor-element-c803185 elementor-widget elementor-widget-text-editor\" data-id=\"c803185\" data-element_type=\"widget\" data-widget_type=\"text-editor.default\">\n\t\t\t\t<div class=\"elementor-widget-container\">\n\t\t\t\t\t\t\t\t\t<p><i>Vincenzo Marsiglia<\/i><\/p>\t\t\t\t\t\t\t\t<\/div>\n\t\t\t\t<\/div>\n\t\t\t\t<div class=\"elementor-element elementor-element-9b96e1b elementor-widget elementor-widget-text-editor\" data-id=\"9b96e1b\" data-element_type=\"widget\" data-widget_type=\"text-editor.default\">\n\t\t\t\t<div class=\"elementor-widget-container\">\n\t\t\t\t\t\t\t\t\t<p><strong>Vincenzo Marsiglia<\/strong> \u00e8 nato a Belvedere Marittimo (CS), nel 1972.\u00a0<\/p><p>Ha studiato all&#8217;Istituto d&#8217;Arte di Imperia e all&#8217;Accademia di Belle Arti di Brera, a Milano, diplomandosi in pittura. Inizia l&#8217;attivit\u00e0 espositiva negli anni Novanta, con mostre personali e collettive in gallerie, musei e spazi pubblici, in Italia e all&#8217;estero.\u00a0<\/p><p>\u00c8 docente presso l&#8217;Accademia di Belle Arti Aldo Galli &#8211; IED di Como e l\u2019Accademia di Belle Arti Santa Giulia di Brescia.\u00a0<\/p><p><strong>La sua ricerca ha origine da un elemento visivo corrispondente a una stella a quattro punte, che \u00e8 divenuta, nel tempo, una componente distintiva del suo lavoro; autentico &#8220;logo&#8221; dell&#8217;artista. <\/strong>L&#8217;aspetto compositivo delle sue opere sembra rispecchiare una pratica ossessiva, generando esiti sempre nuovi in cui questo simbolo si permea con stoffe, ceramica, pietra, vetro, carta, articolandosi secondo variazioni continue di ritmo e di forma.\u00a0<\/p><p><strong>La sua estetica, per rigore ed equilibrio, \u00e8 riconducibile alla tradizione dell&#8217;Astrazione geometrica, del Minimalismo, dell&#8217;arte Optical. <\/strong>Negli ultimi cicli di lavori, l&#8217;artista sperimenta l&#8217;uso di tecnologie per testare le propriet\u00e0 del suo linguaggio in funzione di nuove soluzioni espressive. Lavori di questa tipologia manifestano una nuova considerazione della contemporaneit\u00e0\u00e0, legata agli strumenti di comunicazione che la caratterizzano. Il proposito \u00e8 quello di conseguire una categoria di opera d&#8217;arte mutevole, in potere di completarsi con l&#8217;interazione con lo spettatore.<\/p><p>\u00a0<\/p><p><strong><i>Tra le principali mostre personali si ricordano:<\/i><\/strong><i> <\/i>nel 2023 <em>UNRITRATTOPERUNIRCI<\/em>, a cura di Julie Fazio in collaborazione con Boesso Art Gallery, Special Project Moderne Art Fair, Parigi ; <em>ALCHIMIA DI LUCE, <\/em>a cura Lorenzo Belli in collaborazione con Beatrice Audrito, Spazio Cappella Marchi, Chiesa della Madonna del Carmine, Seravezza Lucca; <em>MAP STAR &#8211; Rome &#8211; Videocitt\u00e0<\/em>, a cura di Davide Silvioli in collaborazione con NM Contemporary Principato di Montecarlo e Startit Prato; <em>PHYSIS AND RENDERING<\/em>, a cura di Davide Silvioli in collaborazione con Davide Sarchioni, Visionare Roma; nel 2022 FREETIME, di Gian Maria Cervo e fratelli Presniakov, Concept video per le scenografie, Teatrul de Nord Satu Mare Romania; <em>CHIANTISSIMO Map Star The World, <\/em>a cura di Davide Sarchioni, Teatro Niccolini San Casciano Val di Pesa; <em>SENSES AND SPACES Water Light Festival, <\/em>Forte di Fortezza Bressanone; <em>BACK AND FORTH Giulio Turcato \/ Vincenzo Marsiglia,<\/em> a cura di Beatrice Audrito.<\/p><p>Galleria Giovanni Bonelli di Pietrasanta; <em>UNRITRATTOPERUNIRCI &#8211; CONNEXXION<\/em>, a cura di Livia Savorelli in collaborazione con Julie Fazio e Laetitia Florescu, Palazzo Civico Comune di Savona<\/p><p>\u00a0<\/p><p><strong><i>Tra le principali mostre collettive si ricordano<\/i>: <\/strong>nel 2023 LANDSCAPE EXPERIENCE CONNESSIONI TRA ARTE E PAESAGGIO, a cura di Davide Sarchioni, Galleria il Frantoio, Capalbio; RACCONTI (IN) VISIBILI: TRA CIELO E TERRA, <em>a cura di Dominique Lora, Micol Di Veroli, Istituto di Cultura Italiano di Madrid; nel 2022 <\/em>LA COULEUR EN MOUVEMENT, Galerie Wagner Parigi<\/p><p><em>FRAMMENTO E ORNAMENTO, <\/em>a cura di Roberto Lacarbonare &#8211; Castello di Ceglie Massapica Brindisi;<em> ALLINCLUSIVE, curated by Cinzia Compalati &#8211;\u00a0 <\/em>Museo Gigi Guadagnucci Massa; BIENNALE LIGHT ART, Casa del Mantegna Mantova a cura di Vittorio Erlindo; nel 2021 L\u2019OROLOGIO RITROVATO FESTIVAL, Villa Contarini Piazzola Sul Brenta a cura di Mario Nardo; COMUNITA\u2019 RESILIENTI, Padiglione Italia a cura di Alessandro Melis, 17th Mostra Internazionale di Architettura &#8211; Venezia<\/p>\t\t\t\t\t\t\t\t<\/div>\n\t\t\t\t<\/div>\n\t\t\t\t<div class=\"elementor-element elementor-element-91b20d0 elementor-widget elementor-widget-image\" data-id=\"91b20d0\" data-element_type=\"widget\" data-widget_type=\"image.default\">\n\t\t\t\t<div class=\"elementor-widget-container\">\n\t\t\t\t\t\t\t\t\t\t\t\t\t\t\t<img decoding=\"async\" width=\"768\" height=\"1024\" src=\"https:\/\/easyfairsassets.com\/sites\/60\/2023\/12\/Vincenzo-Marsiglia-foto-768x1024.jpg\" class=\"attachment-large size-large wp-image-87103\" alt=\"Marsiglia\" srcset=\"https:\/\/easyfairsassets.com\/sites\/60\/2023\/12\/Vincenzo-Marsiglia-foto-768x1024.jpg 768w, https:\/\/easyfairsassets.com\/sites\/60\/2023\/12\/Vincenzo-Marsiglia-foto-225x300.jpg 225w, https:\/\/easyfairsassets.com\/sites\/60\/2023\/12\/Vincenzo-Marsiglia-foto.jpg 900w\" sizes=\"(max-width: 768px) 100vw, 768px\" \/>\t\t\t\t\t\t\t\t\t\t\t\t\t\t\t<\/div>\n\t\t\t\t<\/div>\n\t\t\t\t<div class=\"elementor-element elementor-element-14587ae elementor-align-justify elementor-hidden-desktop elementor-hidden-tablet elementor-hidden-mobile elementor-widget elementor-widget-dynamic-button\" data-id=\"14587ae\" data-element_type=\"widget\" data-settings=\"{&quot;_animation&quot;:&quot;none&quot;}\" data-widget_type=\"dynamic-button.default\">\n\t\t\t\t<div class=\"elementor-widget-container\">\n\t\t\t\t\t        <div class=\"elementor-button-wrapper\">\n            <a href=\"https:\/\/www.pantone.com\/eu\/it\/articles\/color-of-the-year\/what-is-peach-fuzz\" class=\"elementor-button-link elementor-button elementor-size-sm elementor-animation-grow\" role=\"button\">\n                        <span class=\"elementor-button-content-wrapper\">\n\t\t\t                <span class=\"elementor-button-icon elementor-align-icon-right\">\n\t\t\t\t<i aria-hidden=\"true\" class=\"fas fa-angle-right\"><\/i>\t\t\t<\/span>\n            \t\t\t<span class=\"elementor-button-text\">LEGGI L'ARTICOLO COMPLETO<\/span>\n\t\t<\/span>\n                    <\/a>\n        <\/div>\n        \t\t\t\t<\/div>\n\t\t\t\t<\/div>\n\t\t\t\t<div class=\"elementor-element elementor-element-2f5e056 elementor-align-justify elementor-hidden-desktop elementor-hidden-tablet elementor-hidden-mobile elementor-widget elementor-widget-dynamic-button\" data-id=\"2f5e056\" data-element_type=\"widget\" data-settings=\"{&quot;_animation&quot;:&quot;none&quot;}\" data-widget_type=\"dynamic-button.default\">\n\t\t\t\t<div class=\"elementor-widget-container\">\n\t\t\t\t\t        <div class=\"elementor-button-wrapper\">\n            <a href=\"https:\/\/open.spotify.com\/episode\/0Z7Oy5VbTQFsARZAGs5qWo\" class=\"elementor-button-link elementor-button elementor-size-sm elementor-animation-grow\" role=\"button\">\n                        <span class=\"elementor-button-content-wrapper\">\n\t\t\t                <span class=\"elementor-button-icon elementor-align-icon-right\">\n\t\t\t\t<i aria-hidden=\"true\" class=\"fas fa-angle-right\"><\/i>\t\t\t<\/span>\n            \t\t\t<span class=\"elementor-button-text\">ascolta il podcast<\/span>\n\t\t<\/span>\n                    <\/a>\n        <\/div>\n        \t\t\t\t<\/div>\n\t\t\t\t<\/div>\n\t\t\t\t<div class=\"elementor-element elementor-element-62ea236 elementor-icon-list--layout-inline elementor-align-center elementor-tablet-align-center elementor-list-item-link-full_width elementor-widget elementor-widget-icon-list\" data-id=\"62ea236\" data-element_type=\"widget\" data-widget_type=\"icon-list.default\">\n\t\t\t\t<div class=\"elementor-widget-container\">\n\t\t\t\t\t\t\t<ul class=\"elementor-icon-list-items elementor-inline-items\">\n\t\t\t\t\t\t\t<li class=\"elementor-icon-list-item elementor-inline-item\">\n\t\t\t\t\t\t\t\t\t\t\t<a href=\"https:\/\/www.facebook.com\/packagingpremiere\/\">\n\n\t\t\t\t\t\t\t\t\t\t\t\t<span class=\"elementor-icon-list-icon\">\n\t\t\t\t\t\t\t<i aria-hidden=\"true\" class=\"fab fa-facebook-f\"><\/i>\t\t\t\t\t\t<\/span>\n\t\t\t\t\t\t\t\t\t\t<span class=\"elementor-icon-list-text\"><\/span>\n\t\t\t\t\t\t\t\t\t\t\t<\/a>\n\t\t\t\t\t\t\t\t\t<\/li>\n\t\t\t\t\t\t\t\t<li class=\"elementor-icon-list-item elementor-inline-item\">\n\t\t\t\t\t\t\t\t\t\t\t<a href=\"https:\/\/www.instagram.com\/packagingpremiere\/\">\n\n\t\t\t\t\t\t\t\t\t\t\t\t<span class=\"elementor-icon-list-icon\">\n\t\t\t\t\t\t\t<i aria-hidden=\"true\" class=\"fab fa-instagram\"><\/i>\t\t\t\t\t\t<\/span>\n\t\t\t\t\t\t\t\t\t\t<span class=\"elementor-icon-list-text\"><\/span>\n\t\t\t\t\t\t\t\t\t\t\t<\/a>\n\t\t\t\t\t\t\t\t\t<\/li>\n\t\t\t\t\t\t\t\t<li class=\"elementor-icon-list-item elementor-inline-item\">\n\t\t\t\t\t\t\t\t\t\t\t<a href=\"https:\/\/www.linkedin.com\/company\/packaging-premi%C3%A8re\/\">\n\n\t\t\t\t\t\t\t\t\t\t\t\t<span class=\"elementor-icon-list-icon\">\n\t\t\t\t\t\t\t<i aria-hidden=\"true\" class=\"fab fa-linkedin\"><\/i>\t\t\t\t\t\t<\/span>\n\t\t\t\t\t\t\t\t\t\t<span class=\"elementor-icon-list-text\"><\/span>\n\t\t\t\t\t\t\t\t\t\t\t<\/a>\n\t\t\t\t\t\t\t\t\t<\/li>\n\t\t\t\t\t\t\t\t<li class=\"elementor-icon-list-item elementor-inline-item\">\n\t\t\t\t\t\t\t\t\t\t\t<a href=\"https:\/\/www.youtube.com\/channel\/UClPETJwTMY5MjhzmgJTlRJg\">\n\n\t\t\t\t\t\t\t\t\t\t\t\t<span class=\"elementor-icon-list-icon\">\n\t\t\t\t\t\t\t<i aria-hidden=\"true\" class=\"fab fa-youtube\"><\/i>\t\t\t\t\t\t<\/span>\n\t\t\t\t\t\t\t\t\t\t<span class=\"elementor-icon-list-text\"><\/span>\n\t\t\t\t\t\t\t\t\t\t\t<\/a>\n\t\t\t\t\t\t\t\t\t<\/li>\n\t\t\t\t\t\t<\/ul>\n\t\t\t\t\t\t<\/div>\n\t\t\t\t<\/div>\n\t\t\t\t<div class=\"elementor-element elementor-element-6b32fe3 elementor-widget elementor-widget-heading\" data-id=\"6b32fe3\" data-element_type=\"widget\" data-widget_type=\"heading.default\">\n\t\t\t\t<div class=\"elementor-widget-container\">\n\t\t\t\t\t<h2 class=\"elementor-heading-title elementor-size-default\"><b>Condividi l'articolo<\/b><\/h2>\t\t\t\t<\/div>\n\t\t\t\t<\/div>\n\t\t\t\t<div class=\"elementor-element elementor-element-e442f9d elementor-share-buttons--view-icon-text elementor-share-buttons--skin-gradient elementor-share-buttons--shape-square elementor-grid-0 elementor-share-buttons--color-official elementor-widget elementor-widget-share-buttons\" data-id=\"e442f9d\" data-element_type=\"widget\" data-widget_type=\"share-buttons.default\">\n\t\t\t\t<div class=\"elementor-widget-container\">\n\t\t\t\t\t\t\t<div class=\"elementor-grid\" role=\"list\">\n\t\t\t\t\t\t\t\t<div class=\"elementor-grid-item\" role=\"listitem\">\n\t\t\t\t\t\t<div class=\"elementor-share-btn elementor-share-btn_facebook\" role=\"button\" tabindex=\"0\" aria-label=\"Share on facebook\">\n\t\t\t\t\t\t\t\t\t\t\t\t\t\t\t<span class=\"elementor-share-btn__icon\">\n\t\t\t\t\t\t\t\t<i class=\"fab fa-facebook\" aria-hidden=\"true\"><\/i>\t\t\t\t\t\t\t<\/span>\n\t\t\t\t\t\t\t\t\t\t\t\t\t\t\t\t\t\t\t\t\t\t<div class=\"elementor-share-btn__text\">\n\t\t\t\t\t\t\t\t\t\t\t\t\t\t\t\t\t\t\t<span class=\"elementor-share-btn__title\">\n\t\t\t\t\t\t\t\t\t\tFacebook\t\t\t\t\t\t\t\t\t<\/span>\n\t\t\t\t\t\t\t\t\t\t\t\t\t\t\t\t\t<\/div>\n\t\t\t\t\t\t\t\t\t\t\t\t\t<\/div>\n\t\t\t\t\t<\/div>\n\t\t\t\t\t\t\t\t\t<div class=\"elementor-grid-item\" role=\"listitem\">\n\t\t\t\t\t\t<div class=\"elementor-share-btn elementor-share-btn_linkedin\" role=\"button\" tabindex=\"0\" aria-label=\"Share on linkedin\">\n\t\t\t\t\t\t\t\t\t\t\t\t\t\t\t<span class=\"elementor-share-btn__icon\">\n\t\t\t\t\t\t\t\t<i class=\"fab fa-linkedin\" aria-hidden=\"true\"><\/i>\t\t\t\t\t\t\t<\/span>\n\t\t\t\t\t\t\t\t\t\t\t\t\t\t\t\t\t\t\t\t\t\t<div class=\"elementor-share-btn__text\">\n\t\t\t\t\t\t\t\t\t\t\t\t\t\t\t\t\t\t\t<span class=\"elementor-share-btn__title\">\n\t\t\t\t\t\t\t\t\t\tLinkedIn\t\t\t\t\t\t\t\t\t<\/span>\n\t\t\t\t\t\t\t\t\t\t\t\t\t\t\t\t\t<\/div>\n\t\t\t\t\t\t\t\t\t\t\t\t\t<\/div>\n\t\t\t\t\t<\/div>\n\t\t\t\t\t\t<\/div>\n\t\t\t\t\t\t<\/div>\n\t\t\t\t<\/div>\n\t\t\t\t\t<\/div>\n\t\t<\/div>\n\t\t\t\t<div class=\"elementor-column elementor-col-50 elementor-inner-column elementor-element elementor-element-453f3b9\" data-id=\"453f3b9\" data-element_type=\"column\" data-settings=\"{&quot;background_background&quot;:&quot;classic&quot;}\">\n\t\t\t<div class=\"elementor-widget-wrap elementor-element-populated\">\n\t\t\t\t\t\t<div class=\"elementor-element elementor-element-aa25d61 elementor-widget elementor-widget-theme-post-featured-image elementor-widget-image\" data-id=\"aa25d61\" data-element_type=\"widget\" data-widget_type=\"theme-post-featured-image.default\">\n\t\t\t\t<div class=\"elementor-widget-container\">\n\t\t\t\t\t\t\t\t\t\t\t\t\t\t\t<img loading=\"lazy\" decoding=\"async\" width=\"1200\" height=\"613\" src=\"https:\/\/easyfairsassets.com\/sites\/60\/2023\/12\/stanzaA1.jpg\" class=\"attachment-full size-full wp-image-87099\" alt=\"Art Gallery\" srcset=\"https:\/\/easyfairsassets.com\/sites\/60\/2023\/12\/stanzaA1.jpg 1200w, https:\/\/easyfairsassets.com\/sites\/60\/2023\/12\/stanzaA1-300x153.jpg 300w, https:\/\/easyfairsassets.com\/sites\/60\/2023\/12\/stanzaA1-768x392.jpg 768w\" sizes=\"(max-width: 1200px) 100vw, 1200px\" \/>\t\t\t\t\t\t\t\t\t\t\t\t\t\t\t<\/div>\n\t\t\t\t<\/div>\n\t\t\t\t<div class=\"elementor-element elementor-element-a044569 elementor-hidden-desktop elementor-hidden-tablet elementor-hidden-mobile elementor-widget elementor-widget-theme-post-featured-image elementor-widget-image\" data-id=\"a044569\" data-element_type=\"widget\" data-widget_type=\"theme-post-featured-image.default\">\n\t\t\t\t<div class=\"elementor-widget-container\">\n\t\t\t\t\t\t\t\t\t\t\t\t\t\t\t<img decoding=\"async\" width=\"800\" height=\"409\" src=\"https:\/\/easyfairsassets.com\/sites\/60\/2023\/12\/stanzaA1.jpg\" class=\"attachment-large size-large wp-image-87099\" alt=\"Art Gallery\" srcset=\"https:\/\/easyfairsassets.com\/sites\/60\/2023\/12\/stanzaA1.jpg 1200w, https:\/\/easyfairsassets.com\/sites\/60\/2023\/12\/stanzaA1-300x153.jpg 300w, https:\/\/easyfairsassets.com\/sites\/60\/2023\/12\/stanzaA1-768x392.jpg 768w\" sizes=\"(max-width: 800px) 100vw, 800px\" \/>\t\t\t\t\t\t\t\t\t\t\t\t\t\t\t<\/div>\n\t\t\t\t<\/div>\n\t\t\t\t<div class=\"elementor-element elementor-element-96d9233 elementor-hidden-desktop elementor-hidden-tablet elementor-hidden-mobile elementor-widget elementor-widget-text-editor\" data-id=\"96d9233\" data-element_type=\"widget\" data-widget_type=\"text-editor.default\">\n\t\t\t\t<div class=\"elementor-widget-container\">\n\t\t\t\t\t\t\t\t\t<p>Lorem ipsum dolor sit amet, consectetur adipiscing elit Lorem ipsum dolor sit amet, consectetur adipiscing elit<\/p>\t\t\t\t\t\t\t\t<\/div>\n\t\t\t\t<\/div>\n\t\t\t\t<div class=\"elementor-element elementor-element-f3afd38 elementor-widget elementor-widget-spacer\" data-id=\"f3afd38\" data-element_type=\"widget\" data-widget_type=\"spacer.default\">\n\t\t\t\t<div class=\"elementor-widget-container\">\n\t\t\t\t\t\t\t<div class=\"elementor-spacer\">\n\t\t\t<div class=\"elementor-spacer-inner\"><\/div>\n\t\t<\/div>\n\t\t\t\t\t\t<\/div>\n\t\t\t\t<\/div>\n\t\t\t\t<div class=\"elementor-element elementor-element-23c76e8 elementor-widget elementor-widget-heading\" data-id=\"23c76e8\" data-element_type=\"widget\" data-widget_type=\"heading.default\">\n\t\t\t\t<div class=\"elementor-widget-container\">\n\t\t\t\t\t<h2 class=\"elementor-heading-title elementor-size-default\">Le ultime news da Packaging Premi\u00e8re e PCD Milan<\/h2>\t\t\t\t<\/div>\n\t\t\t\t<\/div>\n\t\t\t\t<div class=\"elementor-element elementor-element-ebc895c elementor-align-justify elementor-widget elementor-widget-dynamic-button\" data-id=\"ebc895c\" data-element_type=\"widget\" data-settings=\"{&quot;_animation&quot;:&quot;none&quot;}\" data-widget_type=\"dynamic-button.default\">\n\t\t\t\t<div class=\"elementor-widget-container\">\n\t\t\t\t\t        <div class=\"elementor-button-wrapper\">\n            <a href=\"https:\/\/www.packagingpremiere.it\/it\/iscriviti-alla-newsletter\/\" class=\"elementor-button-link elementor-button elementor-size-sm elementor-animation-grow\" role=\"button\">\n                        <span class=\"elementor-button-content-wrapper\">\n\t\t\t                <span class=\"elementor-button-icon elementor-align-icon-right\">\n\t\t\t\t<i aria-hidden=\"true\" class=\"fas fa-angle-right\"><\/i>\t\t\t<\/span>\n            \t\t\t<span class=\"elementor-button-text\">Iscriviti alla newsletter<\/span>\n\t\t<\/span>\n                    <\/a>\n        <\/div>\n        \t\t\t\t<\/div>\n\t\t\t\t<\/div>\n\t\t\t\t\t<\/div>\n\t\t<\/div>\n\t\t\t\t\t<\/div>\n\t\t<\/section>\n\t\t\t\t\t<\/div>\n\t\t<\/div>\n\t\t\t\t\t<\/div>\n\t\t<\/section>\n\t\t\t\t<section class=\"elementor-section elementor-top-section elementor-element elementor-element-0bdcb8b elementor-section-full_width elementor-section-height-default elementor-section-height-default\" data-id=\"0bdcb8b\" data-element_type=\"section\" data-settings=\"{&quot;background_background&quot;:&quot;classic&quot;}\">\n\t\t\t\t\t\t<div class=\"elementor-container elementor-column-gap-custom\">\n\t\t\t\t\t<div class=\"elementor-column elementor-col-100 elementor-top-column elementor-element elementor-element-4946b40\" data-id=\"4946b40\" data-element_type=\"column\">\n\t\t\t<div class=\"elementor-widget-wrap\">\n\t\t\t\t\t\t\t<\/div>\n\t\t<\/div>\n\t\t\t\t\t<\/div>\n\t\t<\/section>\n\t\t\t\t<\/div>\n\t\t","protected":false},"excerpt":{"rendered":"<p class=\"MsoNormal\"><b style=\"mso-bidi-font-weight: normal;\"><span style=\"font-size: 12.0pt; line-height: 115%; mso-ansi-language: IT;\">Art-Gallery 2024: la collaborazione all&#8217;insegna dell&#8217;arte digitale con l&#8217;artista Vincenzo Marsiglia.<\/span><\/b><\/p>\n","protected":false},"author":174,"featured_media":87099,"comment_status":"open","ping_status":"open","sticky":false,"template":"","format":"standard","meta":{"_seopress_robots_primary_cat":"none","_seopress_titles_title":"Art-Gallery 2024: la collaborazione all&#039;insegna dell&#039;arte digitale con l&#039;artista Vincenzo Marsiglia%%sep%% %%sitetitle%%","_seopress_titles_desc":"Art-Gallery 2024: Packaging Premi\u00e8re &amp; PCD Milan e la collaborazione all&#039;insegna all&#039;insegna dell&#039;arte digitale con l&#039;artista Vincenzo Marsiglia.","_seopress_robots_index":"","footnotes":""},"categories":[352,1,349],"tags":[],"edition":[543],"class_list":["post-87096","post","type-post","status-publish","format-standard","has-post-thumbnail","hentry","category-art-gallery","category-non-categorizzato","category-top-news","edition-packaging-premiere-pcd-milan-2023"],"_links":{"self":[{"href":"https:\/\/www.packagingpremiere.it\/it\/wp-json\/wp\/v2\/posts\/87096","targetHints":{"allow":["GET"]}}],"collection":[{"href":"https:\/\/www.packagingpremiere.it\/it\/wp-json\/wp\/v2\/posts"}],"about":[{"href":"https:\/\/www.packagingpremiere.it\/it\/wp-json\/wp\/v2\/types\/post"}],"author":[{"embeddable":true,"href":"https:\/\/www.packagingpremiere.it\/it\/wp-json\/wp\/v2\/users\/174"}],"replies":[{"embeddable":true,"href":"https:\/\/www.packagingpremiere.it\/it\/wp-json\/wp\/v2\/comments?post=87096"}],"version-history":[{"count":5,"href":"https:\/\/www.packagingpremiere.it\/it\/wp-json\/wp\/v2\/posts\/87096\/revisions"}],"predecessor-version":[{"id":94494,"href":"https:\/\/www.packagingpremiere.it\/it\/wp-json\/wp\/v2\/posts\/87096\/revisions\/94494"}],"wp:featuredmedia":[{"embeddable":true,"href":"https:\/\/www.packagingpremiere.it\/it\/wp-json\/wp\/v2\/media\/87099"}],"wp:attachment":[{"href":"https:\/\/www.packagingpremiere.it\/it\/wp-json\/wp\/v2\/media?parent=87096"}],"wp:term":[{"taxonomy":"category","embeddable":true,"href":"https:\/\/www.packagingpremiere.it\/it\/wp-json\/wp\/v2\/categories?post=87096"},{"taxonomy":"post_tag","embeddable":true,"href":"https:\/\/www.packagingpremiere.it\/it\/wp-json\/wp\/v2\/tags?post=87096"},{"taxonomy":"edition","embeddable":true,"href":"https:\/\/www.packagingpremiere.it\/it\/wp-json\/wp\/v2\/edition?post=87096"}],"curies":[{"name":"wp","href":"https:\/\/api.w.org\/{rel}","templated":true}]}}