{"id":86907,"date":"2023-12-20T12:55:19","date_gmt":"2023-12-20T11:55:19","guid":{"rendered":"https:\/\/www.packagingpremiere.it\/?p=86907"},"modified":"2026-02-27T10:42:56","modified_gmt":"2026-02-27T09:42:56","slug":"helyx","status":"publish","type":"post","link":"https:\/\/www.packagingpremiere.it\/it\/media-partner\/helyx\/","title":{"rendered":"Helyx"},"content":{"rendered":"","protected":false},"excerpt":{"rendered":"","protected":false},"author":174,"featured_media":232735,"comment_status":"open","ping_status":"open","sticky":false,"template":"","format":"standard","meta":{"_seopress_robots_primary_cat":"none","_seopress_titles_title":"Helyx \u00e8 partner dell'evento %%sep%% %%sitetitle%%","_seopress_titles_desc":"Helyx \u00e8 partner di Packaging Premi\u00e8re","_seopress_robots_index":"","footnotes":""},"categories":[673],"tags":[671],"edition":[659],"class_list":["post-86907","post","type-post","status-publish","format-standard","has-post-thumbnail","hentry","category-media-partner","tag-mediapartner","edition-packaging-premiere-pcd-milan-2024"],"_links":{"self":[{"href":"https:\/\/www.packagingpremiere.it\/it\/wp-json\/wp\/v2\/posts\/86907","targetHints":{"allow":["GET"]}}],"collection":[{"href":"https:\/\/www.packagingpremiere.it\/it\/wp-json\/wp\/v2\/posts"}],"about":[{"href":"https:\/\/www.packagingpremiere.it\/it\/wp-json\/wp\/v2\/types\/post"}],"author":[{"embeddable":true,"href":"https:\/\/www.packagingpremiere.it\/it\/wp-json\/wp\/v2\/users\/174"}],"replies":[{"embeddable":true,"href":"https:\/\/www.packagingpremiere.it\/it\/wp-json\/wp\/v2\/comments?post=86907"}],"version-history":[{"count":2,"href":"https:\/\/www.packagingpremiere.it\/it\/wp-json\/wp\/v2\/posts\/86907\/revisions"}],"predecessor-version":[{"id":232738,"href":"https:\/\/www.packagingpremiere.it\/it\/wp-json\/wp\/v2\/posts\/86907\/revisions\/232738"}],"wp:featuredmedia":[{"embeddable":true,"href":"https:\/\/www.packagingpremiere.it\/it\/wp-json\/wp\/v2\/media\/232735"}],"wp:attachment":[{"href":"https:\/\/www.packagingpremiere.it\/it\/wp-json\/wp\/v2\/media?parent=86907"}],"wp:term":[{"taxonomy":"category","embeddable":true,"href":"https:\/\/www.packagingpremiere.it\/it\/wp-json\/wp\/v2\/categories?post=86907"},{"taxonomy":"post_tag","embeddable":true,"href":"https:\/\/www.packagingpremiere.it\/it\/wp-json\/wp\/v2\/tags?post=86907"},{"taxonomy":"edition","embeddable":true,"href":"https:\/\/www.packagingpremiere.it\/it\/wp-json\/wp\/v2\/edition?post=86907"}],"curies":[{"name":"wp","href":"https:\/\/api.w.org\/{rel}","templated":true}]}}