{"id":83769,"date":"2023-11-27T12:27:21","date_gmt":"2023-11-27T11:27:21","guid":{"rendered":"https:\/\/www.packagingpremiere.it\/?p=83769"},"modified":"2026-03-06T16:46:12","modified_gmt":"2026-03-06T15:46:12","slug":"rassegna-dellimballaggio","status":"publish","type":"post","link":"https:\/\/www.packagingpremiere.it\/it\/media-partner\/rassegna-dellimballaggio\/","title":{"rendered":"Rassegna dell&#8217;Imballaggio"},"content":{"rendered":"\n<p><a href=\"https:\/\/innovativepress.eu\/rassegna-dellimballaggio\">https:\/\/innovativepress.eu\/rassegna-dellimballaggio<\/a><\/p>\n","protected":false},"excerpt":{"rendered":"<p>https:\/\/innovativepress.eu\/rassegna-dellimballaggio<\/p>\n","protected":false},"author":174,"featured_media":83770,"comment_status":"open","ping_status":"open","sticky":false,"template":"","format":"standard","meta":{"_seopress_robots_primary_cat":"none","_seopress_titles_title":"Rassegna dell'Imballaggio \u00e8 partner dell'evento %%sep%% %%sitetitle%%","_seopress_titles_desc":"Rassegna dell'Imballaggio \u00e8 partner di Packaging Premi\u00e8re","_seopress_robots_index":"","footnotes":""},"categories":[673],"tags":[671],"edition":[659],"class_list":["post-83769","post","type-post","status-publish","format-standard","has-post-thumbnail","hentry","category-media-partner","tag-mediapartner","edition-packaging-premiere-pcd-milan-2024"],"_links":{"self":[{"href":"https:\/\/www.packagingpremiere.it\/it\/wp-json\/wp\/v2\/posts\/83769","targetHints":{"allow":["GET"]}}],"collection":[{"href":"https:\/\/www.packagingpremiere.it\/it\/wp-json\/wp\/v2\/posts"}],"about":[{"href":"https:\/\/www.packagingpremiere.it\/it\/wp-json\/wp\/v2\/types\/post"}],"author":[{"embeddable":true,"href":"https:\/\/www.packagingpremiere.it\/it\/wp-json\/wp\/v2\/users\/174"}],"replies":[{"embeddable":true,"href":"https:\/\/www.packagingpremiere.it\/it\/wp-json\/wp\/v2\/comments?post=83769"}],"version-history":[{"count":2,"href":"https:\/\/www.packagingpremiere.it\/it\/wp-json\/wp\/v2\/posts\/83769\/revisions"}],"predecessor-version":[{"id":233159,"href":"https:\/\/www.packagingpremiere.it\/it\/wp-json\/wp\/v2\/posts\/83769\/revisions\/233159"}],"wp:featuredmedia":[{"embeddable":true,"href":"https:\/\/www.packagingpremiere.it\/it\/wp-json\/wp\/v2\/media\/83770"}],"wp:attachment":[{"href":"https:\/\/www.packagingpremiere.it\/it\/wp-json\/wp\/v2\/media?parent=83769"}],"wp:term":[{"taxonomy":"category","embeddable":true,"href":"https:\/\/www.packagingpremiere.it\/it\/wp-json\/wp\/v2\/categories?post=83769"},{"taxonomy":"post_tag","embeddable":true,"href":"https:\/\/www.packagingpremiere.it\/it\/wp-json\/wp\/v2\/tags?post=83769"},{"taxonomy":"edition","embeddable":true,"href":"https:\/\/www.packagingpremiere.it\/it\/wp-json\/wp\/v2\/edition?post=83769"}],"curies":[{"name":"wp","href":"https:\/\/api.w.org\/{rel}","templated":true}]}}