{"id":83753,"date":"2023-11-27T12:28:45","date_gmt":"2023-11-27T11:28:45","guid":{"rendered":"https:\/\/www.packagingpremiere.it\/?p=83753"},"modified":"2026-02-27T16:28:46","modified_gmt":"2026-02-27T15:28:46","slug":"makeup-technology","status":"publish","type":"post","link":"https:\/\/www.packagingpremiere.it\/it\/media-partner\/makeup-technology\/","title":{"rendered":"MakeUp Technology"},"content":{"rendered":"\n<p><a href=\"https:\/\/www.ceceditore.com\/make-up-technology\/\">https:\/\/www.ceceditore.com\/make-up-technology\/<\/a><\/p>\n","protected":false},"excerpt":{"rendered":"<p>https:\/\/www.ceceditore.com\/make-up-technology\/<\/p>\n","protected":false},"author":174,"featured_media":83754,"comment_status":"open","ping_status":"open","sticky":false,"template":"","format":"standard","meta":{"_seopress_robots_primary_cat":"none","_seopress_titles_title":"MakeUp Technology \u00e8 partner dell'evento %%sep%% %%sitetitle%%","_seopress_titles_desc":"MakeUp Technology \u00e8 partner di Packaging Premi\u00e8re","_seopress_robots_index":"","footnotes":""},"categories":[673],"tags":[671],"edition":[659],"class_list":["post-83753","post","type-post","status-publish","format-standard","has-post-thumbnail","hentry","category-media-partner","tag-mediapartner","edition-packaging-premiere-pcd-milan-2024"],"_links":{"self":[{"href":"https:\/\/www.packagingpremiere.it\/it\/wp-json\/wp\/v2\/posts\/83753","targetHints":{"allow":["GET"]}}],"collection":[{"href":"https:\/\/www.packagingpremiere.it\/it\/wp-json\/wp\/v2\/posts"}],"about":[{"href":"https:\/\/www.packagingpremiere.it\/it\/wp-json\/wp\/v2\/types\/post"}],"author":[{"embeddable":true,"href":"https:\/\/www.packagingpremiere.it\/it\/wp-json\/wp\/v2\/users\/174"}],"replies":[{"embeddable":true,"href":"https:\/\/www.packagingpremiere.it\/it\/wp-json\/wp\/v2\/comments?post=83753"}],"version-history":[{"count":2,"href":"https:\/\/www.packagingpremiere.it\/it\/wp-json\/wp\/v2\/posts\/83753\/revisions"}],"predecessor-version":[{"id":232886,"href":"https:\/\/www.packagingpremiere.it\/it\/wp-json\/wp\/v2\/posts\/83753\/revisions\/232886"}],"wp:featuredmedia":[{"embeddable":true,"href":"https:\/\/www.packagingpremiere.it\/it\/wp-json\/wp\/v2\/media\/83754"}],"wp:attachment":[{"href":"https:\/\/www.packagingpremiere.it\/it\/wp-json\/wp\/v2\/media?parent=83753"}],"wp:term":[{"taxonomy":"category","embeddable":true,"href":"https:\/\/www.packagingpremiere.it\/it\/wp-json\/wp\/v2\/categories?post=83753"},{"taxonomy":"post_tag","embeddable":true,"href":"https:\/\/www.packagingpremiere.it\/it\/wp-json\/wp\/v2\/tags?post=83753"},{"taxonomy":"edition","embeddable":true,"href":"https:\/\/www.packagingpremiere.it\/it\/wp-json\/wp\/v2\/edition?post=83753"}],"curies":[{"name":"wp","href":"https:\/\/api.w.org\/{rel}","templated":true}]}}