{"id":83705,"date":"2023-11-27T12:35:07","date_gmt":"2023-11-27T11:35:07","guid":{"rendered":"https:\/\/www.packagingpremiere.it\/?p=83705"},"modified":"2026-02-27T11:13:42","modified_gmt":"2026-02-27T10:13:42","slug":"italia-grafica","status":"publish","type":"post","link":"https:\/\/www.packagingpremiere.it\/it\/media-partner\/italia-grafica\/","title":{"rendered":"Italia Grafica"},"content":{"rendered":"\n<p><a href=\"https:\/\/www.italiagrafica.com\/\">https:\/\/www.italiagrafica.com\/<\/a><\/p>\n","protected":false},"excerpt":{"rendered":"<p>https:\/\/www.italiagrafica.com\/<\/p>\n","protected":false},"author":174,"featured_media":232788,"comment_status":"open","ping_status":"open","sticky":false,"template":"","format":"standard","meta":{"_seopress_robots_primary_cat":"none","_seopress_titles_title":"Italia Grafica \u00e8 partner dell'evento %%sep%% %%sitetitle%%","_seopress_titles_desc":"Italia Grafica \u00e8 partner di Packaging Premi\u00e8re","_seopress_robots_index":"","footnotes":""},"categories":[673],"tags":[671],"edition":[659],"class_list":["post-83705","post","type-post","status-publish","format-standard","has-post-thumbnail","hentry","category-media-partner","tag-mediapartner","edition-packaging-premiere-pcd-milan-2024"],"_links":{"self":[{"href":"https:\/\/www.packagingpremiere.it\/it\/wp-json\/wp\/v2\/posts\/83705","targetHints":{"allow":["GET"]}}],"collection":[{"href":"https:\/\/www.packagingpremiere.it\/it\/wp-json\/wp\/v2\/posts"}],"about":[{"href":"https:\/\/www.packagingpremiere.it\/it\/wp-json\/wp\/v2\/types\/post"}],"author":[{"embeddable":true,"href":"https:\/\/www.packagingpremiere.it\/it\/wp-json\/wp\/v2\/users\/174"}],"replies":[{"embeddable":true,"href":"https:\/\/www.packagingpremiere.it\/it\/wp-json\/wp\/v2\/comments?post=83705"}],"version-history":[{"count":2,"href":"https:\/\/www.packagingpremiere.it\/it\/wp-json\/wp\/v2\/posts\/83705\/revisions"}],"predecessor-version":[{"id":232791,"href":"https:\/\/www.packagingpremiere.it\/it\/wp-json\/wp\/v2\/posts\/83705\/revisions\/232791"}],"wp:featuredmedia":[{"embeddable":true,"href":"https:\/\/www.packagingpremiere.it\/it\/wp-json\/wp\/v2\/media\/232788"}],"wp:attachment":[{"href":"https:\/\/www.packagingpremiere.it\/it\/wp-json\/wp\/v2\/media?parent=83705"}],"wp:term":[{"taxonomy":"category","embeddable":true,"href":"https:\/\/www.packagingpremiere.it\/it\/wp-json\/wp\/v2\/categories?post=83705"},{"taxonomy":"post_tag","embeddable":true,"href":"https:\/\/www.packagingpremiere.it\/it\/wp-json\/wp\/v2\/tags?post=83705"},{"taxonomy":"edition","embeddable":true,"href":"https:\/\/www.packagingpremiere.it\/it\/wp-json\/wp\/v2\/edition?post=83705"}],"curies":[{"name":"wp","href":"https:\/\/api.w.org\/{rel}","templated":true}]}}