{"id":83678,"date":"2023-11-27T12:29:38","date_gmt":"2023-11-27T11:29:38","guid":{"rendered":"https:\/\/www.packagingpremiere.it\/?p=83678"},"modified":"2026-02-27T12:05:32","modified_gmt":"2026-02-27T11:05:32","slug":"italia-imballaggio","status":"publish","type":"post","link":"https:\/\/www.packagingpremiere.it\/it\/media-partner\/italia-imballaggio\/","title":{"rendered":"Italia Imballaggio"},"content":{"rendered":"\n<p><a href=\"https:\/\/www.italiaimballaggio.it\">https:\/\/www.italiaimballaggio.it<\/a><\/p>\n","protected":false},"excerpt":{"rendered":"<p>https:\/\/www.italiaimballaggio.it<\/p>\n","protected":false},"author":174,"featured_media":83743,"comment_status":"open","ping_status":"open","sticky":false,"template":"","format":"standard","meta":{"_seopress_robots_primary_cat":"none","_seopress_titles_title":"Italia Imballaggio \u00e8 partner dell'evento %%sep%% %%sitetitle%%","_seopress_titles_desc":"Italia Imballaggio \u00e8 partner di Packaging Premi\u00e8re","_seopress_robots_index":"","footnotes":""},"categories":[673],"tags":[671],"edition":[659],"class_list":["post-83678","post","type-post","status-publish","format-standard","has-post-thumbnail","hentry","category-media-partner","tag-mediapartner","edition-packaging-premiere-pcd-milan-2024"],"_links":{"self":[{"href":"https:\/\/www.packagingpremiere.it\/it\/wp-json\/wp\/v2\/posts\/83678","targetHints":{"allow":["GET"]}}],"collection":[{"href":"https:\/\/www.packagingpremiere.it\/it\/wp-json\/wp\/v2\/posts"}],"about":[{"href":"https:\/\/www.packagingpremiere.it\/it\/wp-json\/wp\/v2\/types\/post"}],"author":[{"embeddable":true,"href":"https:\/\/www.packagingpremiere.it\/it\/wp-json\/wp\/v2\/users\/174"}],"replies":[{"embeddable":true,"href":"https:\/\/www.packagingpremiere.it\/it\/wp-json\/wp\/v2\/comments?post=83678"}],"version-history":[{"count":3,"href":"https:\/\/www.packagingpremiere.it\/it\/wp-json\/wp\/v2\/posts\/83678\/revisions"}],"predecessor-version":[{"id":232866,"href":"https:\/\/www.packagingpremiere.it\/it\/wp-json\/wp\/v2\/posts\/83678\/revisions\/232866"}],"wp:featuredmedia":[{"embeddable":true,"href":"https:\/\/www.packagingpremiere.it\/it\/wp-json\/wp\/v2\/media\/83743"}],"wp:attachment":[{"href":"https:\/\/www.packagingpremiere.it\/it\/wp-json\/wp\/v2\/media?parent=83678"}],"wp:term":[{"taxonomy":"category","embeddable":true,"href":"https:\/\/www.packagingpremiere.it\/it\/wp-json\/wp\/v2\/categories?post=83678"},{"taxonomy":"post_tag","embeddable":true,"href":"https:\/\/www.packagingpremiere.it\/it\/wp-json\/wp\/v2\/tags?post=83678"},{"taxonomy":"edition","embeddable":true,"href":"https:\/\/www.packagingpremiere.it\/it\/wp-json\/wp\/v2\/edition?post=83678"}],"curies":[{"name":"wp","href":"https:\/\/api.w.org\/{rel}","templated":true}]}}