{"id":83669,"date":"2023-11-24T10:31:48","date_gmt":"2023-11-24T09:31:48","guid":{"rendered":"https:\/\/www.packagingpremiere.it\/?p=83669"},"modified":"2026-03-06T16:58:18","modified_gmt":"2026-03-06T15:58:18","slug":"pambianco-wine-food","status":"publish","type":"post","link":"https:\/\/www.packagingpremiere.it\/it\/media-partner\/pambianco-wine-food\/","title":{"rendered":"Pambianco Wine &#038; Food"},"content":{"rendered":"\n<p><a href=\"https:\/\/wine.pambianconews.com\/\">https:\/\/wine.pambianconews.com\/<\/a><\/p>\n","protected":false},"excerpt":{"rendered":"<p>https:\/\/wine.pambianconews.com\/<\/p>\n","protected":false},"author":174,"featured_media":83747,"comment_status":"open","ping_status":"open","sticky":false,"template":"","format":"standard","meta":{"_seopress_robots_primary_cat":"none","_seopress_titles_title":"Pambianco Wine & Food \u00e8 partner dell'evento %%sep%% %%sitetitle%%","_seopress_titles_desc":"Pambianco Wine & Food \u00e8 partner di Packaging Premi\u00e8re","_seopress_robots_index":"","footnotes":""},"categories":[673],"tags":[671],"edition":[659],"class_list":["post-83669","post","type-post","status-publish","format-standard","has-post-thumbnail","hentry","category-media-partner","tag-mediapartner","edition-packaging-premiere-pcd-milan-2024"],"_links":{"self":[{"href":"https:\/\/www.packagingpremiere.it\/it\/wp-json\/wp\/v2\/posts\/83669","targetHints":{"allow":["GET"]}}],"collection":[{"href":"https:\/\/www.packagingpremiere.it\/it\/wp-json\/wp\/v2\/posts"}],"about":[{"href":"https:\/\/www.packagingpremiere.it\/it\/wp-json\/wp\/v2\/types\/post"}],"author":[{"embeddable":true,"href":"https:\/\/www.packagingpremiere.it\/it\/wp-json\/wp\/v2\/users\/174"}],"replies":[{"embeddable":true,"href":"https:\/\/www.packagingpremiere.it\/it\/wp-json\/wp\/v2\/comments?post=83669"}],"version-history":[{"count":2,"href":"https:\/\/www.packagingpremiere.it\/it\/wp-json\/wp\/v2\/posts\/83669\/revisions"}],"predecessor-version":[{"id":233193,"href":"https:\/\/www.packagingpremiere.it\/it\/wp-json\/wp\/v2\/posts\/83669\/revisions\/233193"}],"wp:featuredmedia":[{"embeddable":true,"href":"https:\/\/www.packagingpremiere.it\/it\/wp-json\/wp\/v2\/media\/83747"}],"wp:attachment":[{"href":"https:\/\/www.packagingpremiere.it\/it\/wp-json\/wp\/v2\/media?parent=83669"}],"wp:term":[{"taxonomy":"category","embeddable":true,"href":"https:\/\/www.packagingpremiere.it\/it\/wp-json\/wp\/v2\/categories?post=83669"},{"taxonomy":"post_tag","embeddable":true,"href":"https:\/\/www.packagingpremiere.it\/it\/wp-json\/wp\/v2\/tags?post=83669"},{"taxonomy":"edition","embeddable":true,"href":"https:\/\/www.packagingpremiere.it\/it\/wp-json\/wp\/v2\/edition?post=83669"}],"curies":[{"name":"wp","href":"https:\/\/api.w.org\/{rel}","templated":true}]}}