{"id":27407,"date":"2022-05-20T08:59:23","date_gmt":"2022-05-20T06:59:23","guid":{"rendered":"https:\/\/www.packagingpremiere.it\/?p=27407"},"modified":"2022-09-28T15:06:19","modified_gmt":"2022-09-28T13:06:19","slug":"giuria-avant-garde","status":"publish","type":"post","link":"https:\/\/www.packagingpremiere.it\/it\/top-news\/giuria-avant-garde\/","title":{"rendered":"La giuria di Avant-Garde. I dieci esperti che hanno scelto i packaging pi\u00f9 innovativi di Packaging Premi\u00e8re 2022."},"content":{"rendered":"\t\t<div data-elementor-type=\"wp-post\" data-elementor-id=\"27407\" class=\"elementor elementor-27407\" data-elementor-post-type=\"post\">\n\t\t\t\t\t\t<section class=\"elementor-section elementor-top-section elementor-element elementor-element-35694cc elementor-section-full_width elementor-section-height-default elementor-section-height-default\" data-id=\"35694cc\" data-element_type=\"section\" data-settings=\"{&quot;background_background&quot;:&quot;classic&quot;}\">\n\t\t\t\t\t\t<div class=\"elementor-container elementor-column-gap-custom\">\n\t\t\t\t\t<div class=\"elementor-column elementor-col-100 elementor-top-column elementor-element elementor-element-8c7069f\" data-id=\"8c7069f\" data-element_type=\"column\" data-settings=\"{&quot;background_background&quot;:&quot;classic&quot;}\">\n\t\t\t<div class=\"elementor-widget-wrap elementor-element-populated\">\n\t\t\t\t\t\t<div class=\"elementor-element elementor-element-61b907b elementor-widget elementor-widget-theme-post-title elementor-page-title elementor-widget-heading\" data-id=\"61b907b\" data-element_type=\"widget\" data-widget_type=\"theme-post-title.default\">\n\t\t\t\t<div class=\"elementor-widget-container\">\n\t\t\t\t\t<h1 class=\"elementor-heading-title elementor-size-default\">La giuria di Avant-Garde. I dieci esperti che hanno scelto i packaging pi\u00f9 innovativi di Packaging Premi\u00e8re 2022.<\/h1>\t\t\t\t<\/div>\n\t\t\t\t<\/div>\n\t\t\t\t<section class=\"elementor-section elementor-inner-section elementor-element elementor-element-9b04e1b elementor-section-full_width elementor-section-height-default elementor-section-height-default\" data-id=\"9b04e1b\" data-element_type=\"section\">\n\t\t\t\t\t\t<div class=\"elementor-container elementor-column-gap-default\">\n\t\t\t\t\t<div class=\"elementor-column elementor-col-50 elementor-inner-column elementor-element elementor-element-b9d35cd\" data-id=\"b9d35cd\" data-element_type=\"column\" data-settings=\"{&quot;background_background&quot;:&quot;classic&quot;}\">\n\t\t\t<div class=\"elementor-widget-wrap elementor-element-populated\">\n\t\t\t\t\t\t<div class=\"elementor-element elementor-element-d218a3e elementor-widget elementor-widget-post-info\" data-id=\"d218a3e\" data-element_type=\"widget\" data-widget_type=\"post-info.default\">\n\t\t\t\t<div class=\"elementor-widget-container\">\n\t\t\t\t\t\t\t<ul class=\"elementor-inline-items elementor-icon-list-items elementor-post-info\">\n\t\t\t\t\t\t\t\t<li class=\"elementor-icon-list-item elementor-repeater-item-24b06d9 elementor-inline-item\" itemprop=\"datePublished\">\n\t\t\t\t\t\t<a href=\"https:\/\/www.packagingpremiere.it\/it\/2022\/05\/20\/\">\n\t\t\t\t\t\t\t\t\t\t\t\t\t\t<span class=\"elementor-icon-list-text elementor-post-info__item elementor-post-info__item--type-date\">\n\t\t\t\t\t\t\t\t\t\t<time>Maggio 20, 2022<\/time>\t\t\t\t\t<\/span>\n\t\t\t\t\t\t\t\t\t<\/a>\n\t\t\t\t<\/li>\n\t\t\t\t<\/ul>\n\t\t\t\t\t\t<\/div>\n\t\t\t\t<\/div>\n\t\t\t\t<div class=\"elementor-element elementor-element-0a0088c elementor-widget elementor-widget-text-editor\" data-id=\"0a0088c\" data-element_type=\"widget\" data-widget_type=\"text-editor.default\">\n\t\t\t\t<div class=\"elementor-widget-container\">\n\t\t\t\t\t\t\t\t\t<p>Avant-Garde \u00e8 un contest che promuove l\u2019innovazione nel mondo del packaging dando la possibilit\u00e0 agli espositori di Packaging Premi\u00e8re &amp; PCD Milan 2022 di candidare i propri progetti innovativi per essere valutati da una giuria qualificata.<\/p>\t\t\t\t\t\t\t\t<\/div>\n\t\t\t\t<\/div>\n\t\t\t\t<div class=\"elementor-element elementor-element-69abc9b elementor-widget elementor-widget-text-editor\" data-id=\"69abc9b\" data-element_type=\"widget\" data-widget_type=\"text-editor.default\">\n\t\t\t\t<div class=\"elementor-widget-container\">\n\t\t\t\t\t\t\t\t\t<p>I progetti ritenuti meritevoli di entrare a far parte di Avant-Garde verranno esposti in un\u2019area dedicata di Packaging Premi\u00e8re 2022 e presentati in una serie di conferenze dedicate. La giuria, rimasta anonima fino al verdetto finale, ha valutato i progetti candidati secondo i seguenti canoni:<\/p><ul><li>prodotti con caratteristiche innovative<\/li><li>prodotti che rompono gli schemi e vanno oltre le tendenze stabilite nel settore<\/li><li>prodotti con caratteristiche distintive, rispetto all&#8217;andamento del settore, in termini di risparmio energetico, compatibilit\u00e0 ambientale ed eco sostenibilit\u00e0<\/li><\/ul><p>Ecco la giuria di esperti che ha valutato i progetti di packaging presentati e ha stabilito quali fossero meritevoli di entrare a far parte di Avant-Garde:<\/p>\t\t\t\t\t\t\t\t<\/div>\n\t\t\t\t<\/div>\n\t\t\t\t<div class=\"elementor-element elementor-element-2324ca8 elementor-widget elementor-widget-image\" data-id=\"2324ca8\" data-element_type=\"widget\" data-widget_type=\"image.default\">\n\t\t\t\t<div class=\"elementor-widget-container\">\n\t\t\t\t\t\t\t\t\t\t\t\t\t\t\t<img fetchpriority=\"high\" decoding=\"async\" width=\"500\" height=\"500\" src=\"https:\/\/easyfairsassets.com\/sites\/60\/2022\/05\/Foto-sito-500x500-49.png\" class=\"attachment-full size-full wp-image-27413\" alt=\"\" srcset=\"https:\/\/easyfairsassets.com\/sites\/60\/2022\/05\/Foto-sito-500x500-49.png 500w, https:\/\/easyfairsassets.com\/sites\/60\/2022\/05\/Foto-sito-500x500-49-300x300.png 300w, https:\/\/easyfairsassets.com\/sites\/60\/2022\/05\/Foto-sito-500x500-49-150x150.png 150w\" sizes=\"(max-width: 500px) 100vw, 500px\" \/>\t\t\t\t\t\t\t\t\t\t\t\t\t\t\t<\/div>\n\t\t\t\t<\/div>\n\t\t\t\t<div class=\"elementor-element elementor-element-a52410f elementor-widget elementor-widget-text-editor\" data-id=\"a52410f\" data-element_type=\"widget\" data-widget_type=\"text-editor.default\">\n\t\t\t\t<div class=\"elementor-widget-container\">\n\t\t\t\t\t\t\t\t\t<p><b>LUISA BARBIERI<\/b><\/p><p>Brand, Media &amp; Communications Director dell&#8217;agenzia creativa Hangar Design Group. Porta la sua specifica competenza nello sviluppo di progetti di brand advisory con particolare riferimento ai settori del design, del food&amp;wine, del lifestyle e del real estate. Da oltre vent\u2019anni si occupa di comunicazione, branding e media. \u00c8 laureata in Lingue e Letterature Straniere presso l&#8217;Universit\u00e0 Ca\u2019 Foscari di Venezia.<\/p>\t\t\t\t\t\t\t\t<\/div>\n\t\t\t\t<\/div>\n\t\t\t\t<div class=\"elementor-element elementor-element-f3a9fad elementor-widget elementor-widget-image\" data-id=\"f3a9fad\" data-element_type=\"widget\" data-widget_type=\"image.default\">\n\t\t\t\t<div class=\"elementor-widget-container\">\n\t\t\t\t\t\t\t\t\t\t\t\t\t\t\t<img decoding=\"async\" width=\"500\" height=\"500\" src=\"https:\/\/easyfairsassets.com\/sites\/60\/2022\/05\/Foto-sito-500x500-50.png\" class=\"attachment-full size-full wp-image-27415\" alt=\"\" srcset=\"https:\/\/easyfairsassets.com\/sites\/60\/2022\/05\/Foto-sito-500x500-50.png 500w, https:\/\/easyfairsassets.com\/sites\/60\/2022\/05\/Foto-sito-500x500-50-300x300.png 300w, https:\/\/easyfairsassets.com\/sites\/60\/2022\/05\/Foto-sito-500x500-50-150x150.png 150w\" sizes=\"(max-width: 500px) 100vw, 500px\" \/>\t\t\t\t\t\t\t\t\t\t\t\t\t\t\t<\/div>\n\t\t\t\t<\/div>\n\t\t\t\t<div class=\"elementor-element elementor-element-ee3a946 elementor-widget elementor-widget-text-editor\" data-id=\"ee3a946\" data-element_type=\"widget\" data-widget_type=\"text-editor.default\">\n\t\t\t\t<div class=\"elementor-widget-container\">\n\t\t\t\t\t\t\t\t\t<p><b>FEDERICA BRUMEN<\/b><\/p><p>Laureata in Scienze Politiche e Sociali all&#8217;Universit\u00e0 degli Studi di Trieste, mi occupo di sostenibilit\u00e0, ecodesign e rapporti con le aziende all\u2019interno dell\u2019area Ricerca e Sviluppo di Comieco, Consorzio Nazionale Recupero e Riciclo degli Imballaggi a base cellulosica, per cui opero dal 2002. Ho avviato e contributo alla realizzazione di numerosi progetti, pubblicazioni e attivit\u00e0 di ricerca inerenti alla prevenzione nella produzione di rifiuti imballaggi di carta e cartone. Negli ultimi anni ho incentrato la mia attivit\u00e0 nello sviluppo di progetti riguardanti la sostenibilit\u00e0, l\u2019economia circolare e la formazione universitaria.<\/p><p><a href=\"https:\/\/eur02.safelinks.protection.outlook.com\/?url=https%3A%2F%2Fwww.linkedin.com%2Fin%2Ffedericabrumen%2F&amp;data=04%7C01%7CLuana.Pugliese%40easyfairs.com%7C19a2f0819bdc428fc12408da179c37ba%7Cad58c17f1c944fb0bb6a606501347f25%7C1%7C0%7C637848257379256799%7CUnknown%7CTWFpbGZsb3d8eyJWIjoiMC4wLjAwMDAiLCJQIjoiV2luMzIiLCJBTiI6Ik1haWwiLCJXVCI6Mn0%3D%7C1000&amp;sdata=tAG45kY%2F%2BrWxSatECdR66ZuKaJCl%2BMnOitvPZRus4CI%3D&amp;reserved=0\">https:\/\/www.linkedin.com\/in\/federicabrumen\/<\/a><\/p>\t\t\t\t\t\t\t\t<\/div>\n\t\t\t\t<\/div>\n\t\t\t\t<div class=\"elementor-element elementor-element-bbd5fb0 elementor-widget elementor-widget-image\" data-id=\"bbd5fb0\" data-element_type=\"widget\" data-widget_type=\"image.default\">\n\t\t\t\t<div class=\"elementor-widget-container\">\n\t\t\t\t\t\t\t\t\t\t\t\t\t\t\t<img decoding=\"async\" width=\"500\" height=\"500\" src=\"https:\/\/easyfairsassets.com\/sites\/60\/2022\/05\/Foto-sito-500x500-51.png\" class=\"attachment-full size-full wp-image-27417\" alt=\"\" srcset=\"https:\/\/easyfairsassets.com\/sites\/60\/2022\/05\/Foto-sito-500x500-51.png 500w, https:\/\/easyfairsassets.com\/sites\/60\/2022\/05\/Foto-sito-500x500-51-300x300.png 300w, https:\/\/easyfairsassets.com\/sites\/60\/2022\/05\/Foto-sito-500x500-51-150x150.png 150w\" sizes=\"(max-width: 500px) 100vw, 500px\" \/>\t\t\t\t\t\t\t\t\t\t\t\t\t\t\t<\/div>\n\t\t\t\t<\/div>\n\t\t\t\t<div class=\"elementor-element elementor-element-6c96655 elementor-widget elementor-widget-text-editor\" data-id=\"6c96655\" data-element_type=\"widget\" data-widget_type=\"text-editor.default\">\n\t\t\t\t<div class=\"elementor-widget-container\">\n\t\t\t\t\t\t\t\t\t<p><b>ERIK CIRAVEGNA<\/b><\/p><p>PhD in Design <em>(DIeCM-Industrial Design and Multimedia Communication)\u00a0<\/em>e laurea magistrale in Industrial Design al Politecnico di Milano.<\/p><p>\u00c8 attualmente professore associato della Scuola di Design della <em>Pontificia Universidad Cat\u00f3lica de Chile,\u00a0<\/em>dove dal 2014 si \u00e8 dedicato all&#8217;insegnamento, alla ricerca e alla consulenza. Collabora con l&#8217;Universit\u00e0 di Bologna, dove \u00e8 stato <em>Visiting Researcher<\/em> nel 2019 e della quale \u00e8 attualmente &#8220;ambassador&#8221; della <em>Advanced Design Unit.\u00a0<\/em>Recentemente ha partecipato come coordinatore e docente per la UC School of Design al progetto internazionale &#8220;<em>Winter School: Design for Responsible Innovation&#8221; (<\/em><a href=\"https:\/\/eur02.safelinks.protection.outlook.com\/?url=https%3A%2F%2Fadu.unibo.it%2Fwinterschool%2F&amp;data=04%7C01%7CLuana.Pugliese%40easyfairs.com%7Cf8b5764d8af143cc9ea308da0c58a924%7Cad58c17f1c944fb0bb6a606501347f25%7C1%7C0%7C637835874629124847%7CUnknown%7CTWFpbGZsb3d8eyJWIjoiMC4wLjAwMDAiLCJQIjoiV2luMzIiLCJBTiI6Ik1haWwiLCJXVCI6Mn0%3D%7C3000&amp;sdata=pglbVBTbUBrXAwmky4e2IYPfiFZ6nSbAnXfX7D0x0bo%3D&amp;reserved=0\"><em>https:\/\/adu.unibo.it\/winterschool\/<\/em><\/a><em>) <\/em>in collaborazione con l&#8217;Universit\u00e0 di Bologna e TEC di Monterrey (2020- 2021). Precedentemente ha lavorato come professore di design all&#8217;Universit\u00e0 del Chile (2015-2017) e al Politecnico di Milano (2003-2015).<\/p><p>Il suo principale campo di ricerca e insegnamento \u00e8 il Design della Comunicazione, di cui \u00e8 coinvolto in attivit\u00e0 di divulgazione come speaker, autore e editore di pubblicazioni scientifiche; inoltre, \u00e8 membro di giurie e organizzatore di seminari e mostre. Il suo lavoro \u00e8 orientato verso i sistemi d&#8217;identit\u00e0 e il design di packaging; inoltre, ha un forte interesse per l&#8217;innovazione <em>purpose-driven<\/em> e la responsabilit\u00e0 etica del design (https:\/\/thegoodpackaging.org\/). Lavora sui metodi e gli strumenti di sviluppo e sistematizzazione al confine tra arte e design per promuovere lo sviluppo di progetti, attivit\u00e0 di insegnamento e formazione con un focus sulla creativit\u00e0 e il benessere delle persone <em>(<\/em><a href=\"https:\/\/eur02.safelinks.protection.outlook.com\/?url=https%3A%2F%2Fdesigndrama.com%2F&amp;data=04%7C01%7CLuana.Pugliese%40easyfairs.com%7Cf8b5764d8af143cc9ea308da0c58a924%7Cad58c17f1c944fb0bb6a606501347f25%7C1%7C0%7C637835874629124847%7CUnknown%7CTWFpbGZsb3d8eyJWIjoiMC4wLjAwMDAiLCJQIjoiV2luMzIiLCJBTiI6Ik1haWwiLCJXVCI6Mn0%3D%7C3000&amp;sdata=jG1dynPsSzo6Jy6nL7hpcmPw34Y8H9aaR0UOuZlJPjI%3D&amp;reserved=0\"><em>https:\/\/designdrama.com\/<\/em><\/a><em>)<\/em>.\u00a0<\/p><p>Professionalmente, lavora come communicator designer e consulente strategico per aziende e istituzioni. Infine, \u00e8 autore di diverse opere visive (collage) e ha partecipato a progetti fotografici sperimentali e produzioni teatrali.<\/p><p>Per maggiori informazioni: https:\/\/linktr.ee\/erikciravegna<\/p>\t\t\t\t\t\t\t\t<\/div>\n\t\t\t\t<\/div>\n\t\t\t\t<div class=\"elementor-element elementor-element-b28dac4 elementor-widget elementor-widget-image\" data-id=\"b28dac4\" data-element_type=\"widget\" data-widget_type=\"image.default\">\n\t\t\t\t<div class=\"elementor-widget-container\">\n\t\t\t\t\t\t\t\t\t\t\t\t\t\t\t<img loading=\"lazy\" decoding=\"async\" width=\"500\" height=\"500\" src=\"https:\/\/easyfairsassets.com\/sites\/60\/2022\/05\/Foto-sito-500x500-52.png\" class=\"attachment-full size-full wp-image-27421\" alt=\"\" srcset=\"https:\/\/easyfairsassets.com\/sites\/60\/2022\/05\/Foto-sito-500x500-52.png 500w, https:\/\/easyfairsassets.com\/sites\/60\/2022\/05\/Foto-sito-500x500-52-300x300.png 300w, https:\/\/easyfairsassets.com\/sites\/60\/2022\/05\/Foto-sito-500x500-52-150x150.png 150w\" sizes=\"(max-width: 500px) 100vw, 500px\" \/>\t\t\t\t\t\t\t\t\t\t\t\t\t\t\t<\/div>\n\t\t\t\t<\/div>\n\t\t\t\t<div class=\"elementor-element elementor-element-cb38665 elementor-widget elementor-widget-text-editor\" data-id=\"cb38665\" data-element_type=\"widget\" data-widget_type=\"text-editor.default\">\n\t\t\t\t<div class=\"elementor-widget-container\">\n\t\t\t\t\t\t\t\t\t<p><b>SILVIA D&#8217;ALESIO<\/b><\/p><p>\u00c8 un\u2019esperta di food packaging design e una grande appassionata di tutto ci\u00f2 che riguarda i processi di innovazione. Si \u00e8 laureata alla Lund University con l\u2019International MSc. in Food Innovation and Packaging Design, e precedentemente con il BSc. in Scienze e Tecnologie Alimentari. Collabora come esperto esterno all\u2019Universit\u00e0 degli Studi di Milano (modellazione,ottimizzazione ed innovazione di processo), e come docente presso la NABA &#8211; Milano (brand strategy). Osserva numerose nuove idee provenienti da tutta la filiera del packaging e del food a livello internazionale, con particolere attenzione all\u2019applicazione dei principi di sostenibilit\u00e0, uso di materiali e nuove tecnologie nel packaging design (judge member for #epda2021; #SustainabilityAwards2021; e #WFIA2022). Partecipa ai Campus di Fondazione Feltrinelli &#8211; Milano per discutere ad esempio sull\u2019urgenza di colmare le competenze green delle future generazioni di packaging designer. Ha inoltre collaborato con la prestigiosa Netherlands Packaging Centre (NVC), l&#8217;associazione di servizi per aziende di imballaggio, contribuendo attivamente ai progetti <em>&#8216;web retail packaging&#8217;<\/em> e &#8216;<em>design packaging for intended use<\/em>&#8216;, potenziando le sue capacit\u00e0 di consulenza e progettazione su requisiti logistici e di confezionamento per lo sviluppo di nuove soluzioni adatte all&#8217;e-commerce e al FMCG.<\/p>\t\t\t\t\t\t\t\t<\/div>\n\t\t\t\t<\/div>\n\t\t\t\t<div class=\"elementor-element elementor-element-c563b16 elementor-widget elementor-widget-image\" data-id=\"c563b16\" data-element_type=\"widget\" data-widget_type=\"image.default\">\n\t\t\t\t<div class=\"elementor-widget-container\">\n\t\t\t\t\t\t\t\t\t\t\t\t\t\t\t<img loading=\"lazy\" decoding=\"async\" width=\"500\" height=\"500\" src=\"https:\/\/easyfairsassets.com\/sites\/60\/2022\/05\/Foto-sito-500x500-53.png\" class=\"attachment-full size-full wp-image-27423\" alt=\"\" srcset=\"https:\/\/easyfairsassets.com\/sites\/60\/2022\/05\/Foto-sito-500x500-53.png 500w, https:\/\/easyfairsassets.com\/sites\/60\/2022\/05\/Foto-sito-500x500-53-300x300.png 300w, https:\/\/easyfairsassets.com\/sites\/60\/2022\/05\/Foto-sito-500x500-53-150x150.png 150w\" sizes=\"(max-width: 500px) 100vw, 500px\" \/>\t\t\t\t\t\t\t\t\t\t\t\t\t\t\t<\/div>\n\t\t\t\t<\/div>\n\t\t\t\t<div class=\"elementor-element elementor-element-1b52019 elementor-widget elementor-widget-text-editor\" data-id=\"1b52019\" data-element_type=\"widget\" data-widget_type=\"text-editor.default\">\n\t\t\t\t<div class=\"elementor-widget-container\">\n\t\t\t\t\t\t\t\t\t<p><b>MARIO DI PAOLO<\/b><\/p><p>Fondatore e direttore creativo di Spazio di Paolo.<\/p><p>Spazio Di Paolo \u00e8 uno studio specializzato nel packaging design del vino e degli spirits.<\/p><p>Con vent\u2019anni di esperienza, lo studio \u00e8 oggi uno dei pi\u00f9 premiati al mondo e vanta un palmar\u00e8s di oltre 190 tra i pi\u00f9 prestigiosi premi internazionali di packaging design incluso il Designer of the Year ai Pentawards 2021.<\/p><p>Mario Di Paolo, fondatore e direttore creativo di Spazio di Paolo, \u00e8 cresciuto a stretto contatto con il modo dell&#8217;arte contemporanea, collaborando con i pi\u00f9 importanti artisti a livello internazionale. Vivendo una quotidianit\u00e0 cos\u00ec stimolante, Di Paolo ha maturato una creativit\u00e0 che supera gli schemi convenzionali. Designer e fotografo di fama mondiale, ma anche editore d\u2019arte, definisce il suo studio &#8220;un\u2019esperienza di vita senza precedenti.\u201d<\/p><p>Spazio Di Paolo ha un approccio creativo e stilistico rivoluzionario, che oltrepassa l\u2019idea tradizionale di agenzia di comunicazione. Contaminazione artistica, ricerca di motivazioni e significati inesplorati, analisi dettagliata del mercato e una profonda conoscenza tecnica del prodotto, della sua produzione dalla terra all&#8217;imbottigliamento e ancora dei processi di stampa e di dispensazione dell&#8217;etichetta fanno di Spazio di Paolo un trendsetter a livello globale.<\/p><p>A Mario Di Paolo si devono infatti alcune delle pi\u00f9 rivoluzionarie e recenti innovazioni nell&#8217;ambito della stampa industriale di etichette di alta gamma, che offrono ai brand owners nuovi linguaggi e possibilit\u00e0 di distinguersi sullo scaffale. Spazio di Paolo ha lanciato dei veri e propri trend: etichette multistrato, pigmenti materici estratti da polvere lavica, gesso e terra, ma anche etichette tridimensionali che trasformano il packaging in vere e proprie sculture che interagiscono con lo spazio e il consumatore.<\/p>\t\t\t\t\t\t\t\t<\/div>\n\t\t\t\t<\/div>\n\t\t\t\t<div class=\"elementor-element elementor-element-13b19b8 elementor-widget elementor-widget-image\" data-id=\"13b19b8\" data-element_type=\"widget\" data-widget_type=\"image.default\">\n\t\t\t\t<div class=\"elementor-widget-container\">\n\t\t\t\t\t\t\t\t\t\t\t\t\t\t\t<img loading=\"lazy\" decoding=\"async\" width=\"500\" height=\"500\" src=\"https:\/\/easyfairsassets.com\/sites\/60\/2022\/05\/Foto-sito-500x500-54.png\" class=\"attachment-full size-full wp-image-27425\" alt=\"\" srcset=\"https:\/\/easyfairsassets.com\/sites\/60\/2022\/05\/Foto-sito-500x500-54.png 500w, https:\/\/easyfairsassets.com\/sites\/60\/2022\/05\/Foto-sito-500x500-54-300x300.png 300w, https:\/\/easyfairsassets.com\/sites\/60\/2022\/05\/Foto-sito-500x500-54-150x150.png 150w\" sizes=\"(max-width: 500px) 100vw, 500px\" \/>\t\t\t\t\t\t\t\t\t\t\t\t\t\t\t<\/div>\n\t\t\t\t<\/div>\n\t\t\t\t<div class=\"elementor-element elementor-element-eca5e42 elementor-widget elementor-widget-text-editor\" data-id=\"eca5e42\" data-element_type=\"widget\" data-widget_type=\"text-editor.default\">\n\t\t\t\t<div class=\"elementor-widget-container\">\n\t\t\t\t\t\t\t\t\t<p><strong>CLARA GIARDINA<\/strong><\/p><p>Designer esperta di Innovazione Responsabile nel Sistema Packaging, \u00e8 attualmente Dottoranda in Architettura e Culture del Progetto presso l&#8217;Universit\u00e0 di Bologna. Coordinatrice dell<a href=\"https:\/\/eur02.safelinks.protection.outlook.com\/?url=https%3A%2F%2Fadu.unibo.it%2Fosservatoriopack&amp;data=04%7C01%7CLuana.Pugliese%40easyfairs.com%7C4993966aee614a85bf8708da07618dc3%7Cad58c17f1c944fb0bb6a606501347f25%7C1%7C0%7C637830412846600616%7CUnknown%7CTWFpbGZsb3d8eyJWIjoiMC4wLjAwMDAiLCJQIjoiV2luMzIiLCJBTiI6Ik1haWwiLCJXVCI6Mn0%3D%7C3000&amp;sdata=TlmHzS%2Bnfk8ecYRob1qs%2BQ%2F5EtacLLtZOSS%2BrGlVuHA%3D&amp;reserved=0\">&#8216;Osservatorio sull&#8217;Innovazione del Packaging<\/a> e del Simposio Internazionale <a href=\"https:\/\/eur02.safelinks.protection.outlook.com\/?url=https%3A%2F%2Feventi.unibo.it%2Ffuturedesignpack-2019&amp;data=04%7C01%7CLuana.Pugliese%40easyfairs.com%7C4993966aee614a85bf8708da07618dc3%7Cad58c17f1c944fb0bb6a606501347f25%7C1%7C0%7C637830412846600616%7CUnknown%7CTWFpbGZsb3d8eyJWIjoiMC4wLjAwMDAiLCJQIjoiV2luMzIiLCJBTiI6Ik1haWwiLCJXVCI6Mn0%3D%7C3000&amp;sdata=o483ZBDjKej9d%2F90FHhfF0L86bR5321oc%2FWvxo0lo2Q%3D&amp;reserved=0\"><em>The Future of Packaging Design<\/em><\/a>. Docente all&#8217;Universit\u00e0 di Bologna dal 2014, nell&#8217;ambito della sua ricerca ha collaborato allo sviluppo del Master DESI-DEsign e Sostenibilit\u00e0 Imballaggi, e fa parte della giuria del bando per l&#8217;Ecodesign Conai.<br \/>Ha maturato 15 anni di esperienza in workshop di co-innovazione, utilizzando gli strumenti del Design in diversi ambiti di lavoro. Progetta mostre, workshop e prodotti di comunicazione con l&#8217;obiettivo di diffondere comportamenti sostenibili e innovazione sociale. Ha collaborato con Opificio Golinelli e Unindustria Bologna, portando il Design Thinking nelle scuole secondarie. \u00c8 parte de ilVespaio, un network professionale che si occupa di eco-design e sostenibilit\u00e0 per aziende e istituzioni.<\/p>\t\t\t\t\t\t\t\t<\/div>\n\t\t\t\t<\/div>\n\t\t\t\t<div class=\"elementor-element elementor-element-f09c5e6 elementor-widget elementor-widget-image\" data-id=\"f09c5e6\" data-element_type=\"widget\" data-widget_type=\"image.default\">\n\t\t\t\t<div class=\"elementor-widget-container\">\n\t\t\t\t\t\t\t\t\t\t\t\t\t\t\t<img loading=\"lazy\" decoding=\"async\" width=\"500\" height=\"500\" src=\"https:\/\/easyfairsassets.com\/sites\/60\/2022\/05\/Foto-sito-500x500-55.png\" class=\"attachment-full size-full wp-image-27427\" alt=\"\" srcset=\"https:\/\/easyfairsassets.com\/sites\/60\/2022\/05\/Foto-sito-500x500-55.png 500w, https:\/\/easyfairsassets.com\/sites\/60\/2022\/05\/Foto-sito-500x500-55-300x300.png 300w, https:\/\/easyfairsassets.com\/sites\/60\/2022\/05\/Foto-sito-500x500-55-150x150.png 150w\" sizes=\"(max-width: 500px) 100vw, 500px\" \/>\t\t\t\t\t\t\t\t\t\t\t\t\t\t\t<\/div>\n\t\t\t\t<\/div>\n\t\t\t\t<div class=\"elementor-element elementor-element-81c405c elementor-widget elementor-widget-text-editor\" data-id=\"81c405c\" data-element_type=\"widget\" data-widget_type=\"text-editor.default\">\n\t\t\t\t<div class=\"elementor-widget-container\">\n\t\t\t\t\t\t\t\t\t<p><b>ANTONELLA MANENTI<\/b><\/p><p>Nel corso della sua esperienza ha ottenuto importanti riconoscimenti nell\u2019ambito del packaging e della comunicazione, ha lavorato con diversi brand e studi di fama mondiale.<\/p><p>\u00c8 oggi Founder &amp; Art Director dell\u2019agenzia di design e comunicazione HENRY &amp; CO.\u00a0 SRL di Verona che opera nell\u2019ambito della sostenibilit\u00e0 e dell\u2019economia circolare.<b><\/b><\/p>\t\t\t\t\t\t\t\t<\/div>\n\t\t\t\t<\/div>\n\t\t\t\t<div class=\"elementor-element elementor-element-d2946af elementor-widget elementor-widget-image\" data-id=\"d2946af\" data-element_type=\"widget\" data-widget_type=\"image.default\">\n\t\t\t\t<div class=\"elementor-widget-container\">\n\t\t\t\t\t\t\t\t\t\t\t\t\t\t\t<img loading=\"lazy\" decoding=\"async\" width=\"500\" height=\"500\" src=\"https:\/\/easyfairsassets.com\/sites\/60\/2022\/05\/Foto-sito-500x500-56.png\" class=\"attachment-full size-full wp-image-27429\" alt=\"\" srcset=\"https:\/\/easyfairsassets.com\/sites\/60\/2022\/05\/Foto-sito-500x500-56.png 500w, https:\/\/easyfairsassets.com\/sites\/60\/2022\/05\/Foto-sito-500x500-56-300x300.png 300w, https:\/\/easyfairsassets.com\/sites\/60\/2022\/05\/Foto-sito-500x500-56-150x150.png 150w\" sizes=\"(max-width: 500px) 100vw, 500px\" \/>\t\t\t\t\t\t\t\t\t\t\t\t\t\t\t<\/div>\n\t\t\t\t<\/div>\n\t\t\t\t<div class=\"elementor-element elementor-element-fb23676 elementor-widget elementor-widget-text-editor\" data-id=\"fb23676\" data-element_type=\"widget\" data-widget_type=\"text-editor.default\">\n\t\t\t\t<div class=\"elementor-widget-container\">\n\t\t\t\t\t\t\t\t\t<p><b>MARCO MASCETTI<\/b><\/p><p>Contestualmente alla laurea in Disegno Industriale presso il Politecnico di Milano, crea MrSmith Studio.<\/p><p>MrSmith e\u0300 lo studio di consulenza di Design Strategico,\u00a0basato sul \u201cDesign As An Input\u00ae\u201d ovvero la capacita\u0300, di integrare\u00a0le competenze di design nel\u00a0processo aziendale sin dalle prime fasi, operando oltre la semplice ideazione di un prodotto.<br \/>In soli quindici anni di attivita\u0300 lo Studio ha ottenuto oltre 25 riconoscimenti internazionali: tra i progetti premiati, la bottiglia\u00a0in vetro Estathe\u0300, il bicchiere ed\u00a0il barattolo Nutella per Ferrero, le sedie Cream e Basil per Calligaris.<\/p><p>Parallelamente a MrSmith Studio, entra in altri progetti imprenditoriali, sempre ricoprendo il ruolo di Chief Design Officer, prima in ambito eno-gastronomico, poi in ambito di sanificazione aria e acqua.<\/p>\t\t\t\t\t\t\t\t<\/div>\n\t\t\t\t<\/div>\n\t\t\t\t<div class=\"elementor-element elementor-element-2487dad elementor-widget elementor-widget-image\" data-id=\"2487dad\" data-element_type=\"widget\" data-widget_type=\"image.default\">\n\t\t\t\t<div class=\"elementor-widget-container\">\n\t\t\t\t\t\t\t\t\t\t\t\t\t\t\t<img loading=\"lazy\" decoding=\"async\" width=\"500\" height=\"500\" src=\"https:\/\/easyfairsassets.com\/sites\/60\/2022\/05\/Foto-sito-500x500-57.png\" class=\"attachment-full size-full wp-image-27431\" alt=\"\" srcset=\"https:\/\/easyfairsassets.com\/sites\/60\/2022\/05\/Foto-sito-500x500-57.png 500w, https:\/\/easyfairsassets.com\/sites\/60\/2022\/05\/Foto-sito-500x500-57-300x300.png 300w, https:\/\/easyfairsassets.com\/sites\/60\/2022\/05\/Foto-sito-500x500-57-150x150.png 150w\" sizes=\"(max-width: 500px) 100vw, 500px\" \/>\t\t\t\t\t\t\t\t\t\t\t\t\t\t\t<\/div>\n\t\t\t\t<\/div>\n\t\t\t\t<div class=\"elementor-element elementor-element-467b595 elementor-widget elementor-widget-text-editor\" data-id=\"467b595\" data-element_type=\"widget\" data-widget_type=\"text-editor.default\">\n\t\t\t\t<div class=\"elementor-widget-container\">\n\t\t\t\t\t\t\t\t\t<p><b>PIERO SABATINI<\/b><\/p><p>Fabriano (AN), 1979. Laureato presso la prima facolt\u00e0 di architettura \u201cL. Quaroni\u201d dell\u2019Universit\u00e0 degli Studi di Roma \u201cLa Sapienza\u201d. Designer atipico, da quindici anni orientato alla comunicazione integrata ed al design strategico in processi virtuosi di riposizionamento ed internazionalizzazione di imprese manifatturiere high-end e design oriented. Oltre all\u2019attivit\u00e0 professionale, dal 2015 \u00e8 docente incaricato per il laboratorio di Design la Comunicazione presso la Scuola di Ateneo per l\u2019Architettura ed il Design \u201cE.Vittoria\u201d dell\u2019Universtit\u00e0 degli Studi di Camerino. Ha curato mostre e pubblicazioni di fotografia e architettura. Ha guidato workshop, seminari e sperimentazioni progettuali sulla connessione design-saper fare-territorio. Dal 2021 \u00e8 membro del direttivo ADI\u00b7MAM, delegazione Marche-Abruzzo-Molise dell\u2019Associazione per il Disegno Industriale. Dal 2022 \u00e8 coordinatore dell\u2019Osservatorio territoriale ADI, impegnato nello scouting e preselezione dei progetti che iniziano il percorso verso il prestigioso Compasso d\u2019Oro.<\/p>\t\t\t\t\t\t\t\t<\/div>\n\t\t\t\t<\/div>\n\t\t\t\t<div class=\"elementor-element elementor-element-248fc64 elementor-widget elementor-widget-image\" data-id=\"248fc64\" data-element_type=\"widget\" data-widget_type=\"image.default\">\n\t\t\t\t<div class=\"elementor-widget-container\">\n\t\t\t\t\t\t\t\t\t\t\t\t\t\t\t<img loading=\"lazy\" decoding=\"async\" width=\"500\" height=\"500\" src=\"https:\/\/easyfairsassets.com\/sites\/60\/2022\/05\/Foto-sito-500x500-58.png\" class=\"attachment-full size-full wp-image-27433\" alt=\"\" srcset=\"https:\/\/easyfairsassets.com\/sites\/60\/2022\/05\/Foto-sito-500x500-58.png 500w, https:\/\/easyfairsassets.com\/sites\/60\/2022\/05\/Foto-sito-500x500-58-300x300.png 300w, https:\/\/easyfairsassets.com\/sites\/60\/2022\/05\/Foto-sito-500x500-58-150x150.png 150w\" sizes=\"(max-width: 500px) 100vw, 500px\" \/>\t\t\t\t\t\t\t\t\t\t\t\t\t\t\t<\/div>\n\t\t\t\t<\/div>\n\t\t\t\t<div class=\"elementor-element elementor-element-fa1ca38 elementor-widget elementor-widget-text-editor\" data-id=\"fa1ca38\" data-element_type=\"widget\" data-widget_type=\"text-editor.default\">\n\t\t\t\t<div class=\"elementor-widget-container\">\n\t\t\t\t\t\t\t\t\t<p><b>FRANCESCA ZORZETTO<\/b><\/p><p>Giornalista e blogger, scrive in riviste di settore con articoli e rubriche su Retail, Visual Merchandising, Instore Communication, autrice del libro \u201cTemporary Store: la strategia dell\u2019effimero. Nel 2015 apre il blog <a href=\"http:\/\/www.milanretailstore.com\">milanretailstore<\/a> Public Speaker, ha collaborato come docente e coordinatrice didattica con Polimoda, IED e altre prestigiose Academy. Senior Training e Knowledge Consultant in Retail Institute Italia.\u00a0<\/p>\t\t\t\t\t\t\t\t<\/div>\n\t\t\t\t<\/div>\n\t\t\t\t<div class=\"elementor-element elementor-element-14587ae elementor-align-justify elementor-hidden-desktop elementor-hidden-tablet elementor-hidden-mobile elementor-widget elementor-widget-dynamic-button\" data-id=\"14587ae\" data-element_type=\"widget\" data-settings=\"{&quot;_animation&quot;:&quot;none&quot;}\" data-widget_type=\"dynamic-button.default\">\n\t\t\t\t<div class=\"elementor-widget-container\">\n\t\t\t\t\t        <div class=\"elementor-button-wrapper\">\n            <a href=\"https:\/\/\" class=\"elementor-button-link elementor-button elementor-size-sm elementor-animation-grow\" role=\"button\">\n                        <span class=\"elementor-button-content-wrapper\">\n\t\t\t                <span class=\"elementor-button-icon elementor-align-icon-right\">\n\t\t\t\t<i aria-hidden=\"true\" class=\"fas fa-angle-right\"><\/i>\t\t\t<\/span>\n            \t\t\t<span class=\"elementor-button-text\">Click here<\/span>\n\t\t<\/span>\n                    <\/a>\n        <\/div>\n        \t\t\t\t<\/div>\n\t\t\t\t<\/div>\n\t\t\t\t<div class=\"elementor-element elementor-element-62ea236 elementor-icon-list--layout-inline elementor-align-center elementor-tablet-align-center elementor-list-item-link-full_width elementor-widget elementor-widget-icon-list\" data-id=\"62ea236\" data-element_type=\"widget\" data-widget_type=\"icon-list.default\">\n\t\t\t\t<div class=\"elementor-widget-container\">\n\t\t\t\t\t\t\t<ul class=\"elementor-icon-list-items elementor-inline-items\">\n\t\t\t\t\t\t\t<li class=\"elementor-icon-list-item elementor-inline-item\">\n\t\t\t\t\t\t\t\t\t\t\t<a href=\"https:\/\/www.facebook.com\/packagingpremiere\/\">\n\n\t\t\t\t\t\t\t\t\t\t\t\t<span class=\"elementor-icon-list-icon\">\n\t\t\t\t\t\t\t<i aria-hidden=\"true\" class=\"fab fa-facebook-f\"><\/i>\t\t\t\t\t\t<\/span>\n\t\t\t\t\t\t\t\t\t\t<span class=\"elementor-icon-list-text\"><\/span>\n\t\t\t\t\t\t\t\t\t\t\t<\/a>\n\t\t\t\t\t\t\t\t\t<\/li>\n\t\t\t\t\t\t\t\t<li class=\"elementor-icon-list-item elementor-inline-item\">\n\t\t\t\t\t\t\t\t\t\t\t<a href=\"https:\/\/www.instagram.com\/packagingpremiere\/\">\n\n\t\t\t\t\t\t\t\t\t\t\t\t<span class=\"elementor-icon-list-icon\">\n\t\t\t\t\t\t\t<i aria-hidden=\"true\" class=\"fab fa-instagram\"><\/i>\t\t\t\t\t\t<\/span>\n\t\t\t\t\t\t\t\t\t\t<span class=\"elementor-icon-list-text\"><\/span>\n\t\t\t\t\t\t\t\t\t\t\t<\/a>\n\t\t\t\t\t\t\t\t\t<\/li>\n\t\t\t\t\t\t\t\t<li class=\"elementor-icon-list-item elementor-inline-item\">\n\t\t\t\t\t\t\t\t\t\t\t<a href=\"https:\/\/www.linkedin.com\/company\/packaging-premi%C3%A8re\/\">\n\n\t\t\t\t\t\t\t\t\t\t\t\t<span class=\"elementor-icon-list-icon\">\n\t\t\t\t\t\t\t<i aria-hidden=\"true\" class=\"fab fa-linkedin\"><\/i>\t\t\t\t\t\t<\/span>\n\t\t\t\t\t\t\t\t\t\t<span class=\"elementor-icon-list-text\"><\/span>\n\t\t\t\t\t\t\t\t\t\t\t<\/a>\n\t\t\t\t\t\t\t\t\t<\/li>\n\t\t\t\t\t\t\t\t<li class=\"elementor-icon-list-item elementor-inline-item\">\n\t\t\t\t\t\t\t\t\t\t\t<a href=\"https:\/\/www.youtube.com\/channel\/UClPETJwTMY5MjhzmgJTlRJg\">\n\n\t\t\t\t\t\t\t\t\t\t\t\t<span class=\"elementor-icon-list-icon\">\n\t\t\t\t\t\t\t<i aria-hidden=\"true\" class=\"fab fa-youtube\"><\/i>\t\t\t\t\t\t<\/span>\n\t\t\t\t\t\t\t\t\t\t<span class=\"elementor-icon-list-text\"><\/span>\n\t\t\t\t\t\t\t\t\t\t\t<\/a>\n\t\t\t\t\t\t\t\t\t<\/li>\n\t\t\t\t\t\t<\/ul>\n\t\t\t\t\t\t<\/div>\n\t\t\t\t<\/div>\n\t\t\t\t<div class=\"elementor-element elementor-element-6b32fe3 elementor-widget elementor-widget-heading\" data-id=\"6b32fe3\" data-element_type=\"widget\" data-widget_type=\"heading.default\">\n\t\t\t\t<div class=\"elementor-widget-container\">\n\t\t\t\t\t<h2 class=\"elementor-heading-title elementor-size-default\"><b>Condividi l'articolo<\/b><\/h2>\t\t\t\t<\/div>\n\t\t\t\t<\/div>\n\t\t\t\t<div class=\"elementor-element elementor-element-e442f9d elementor-share-buttons--view-icon-text elementor-share-buttons--skin-gradient elementor-share-buttons--shape-square elementor-grid-0 elementor-share-buttons--color-official elementor-widget elementor-widget-share-buttons\" data-id=\"e442f9d\" data-element_type=\"widget\" data-widget_type=\"share-buttons.default\">\n\t\t\t\t<div class=\"elementor-widget-container\">\n\t\t\t\t\t\t\t<div class=\"elementor-grid\" role=\"list\">\n\t\t\t\t\t\t\t\t<div class=\"elementor-grid-item\" role=\"listitem\">\n\t\t\t\t\t\t<div class=\"elementor-share-btn elementor-share-btn_facebook\" role=\"button\" tabindex=\"0\" aria-label=\"Share on facebook\">\n\t\t\t\t\t\t\t\t\t\t\t\t\t\t\t<span class=\"elementor-share-btn__icon\">\n\t\t\t\t\t\t\t\t<i class=\"fab fa-facebook\" aria-hidden=\"true\"><\/i>\t\t\t\t\t\t\t<\/span>\n\t\t\t\t\t\t\t\t\t\t\t\t\t\t\t\t\t\t\t\t\t\t<div class=\"elementor-share-btn__text\">\n\t\t\t\t\t\t\t\t\t\t\t\t\t\t\t\t\t\t\t<span class=\"elementor-share-btn__title\">\n\t\t\t\t\t\t\t\t\t\tFacebook\t\t\t\t\t\t\t\t\t<\/span>\n\t\t\t\t\t\t\t\t\t\t\t\t\t\t\t\t\t<\/div>\n\t\t\t\t\t\t\t\t\t\t\t\t\t<\/div>\n\t\t\t\t\t<\/div>\n\t\t\t\t\t\t\t\t\t<div class=\"elementor-grid-item\" role=\"listitem\">\n\t\t\t\t\t\t<div class=\"elementor-share-btn elementor-share-btn_linkedin\" role=\"button\" tabindex=\"0\" aria-label=\"Share on linkedin\">\n\t\t\t\t\t\t\t\t\t\t\t\t\t\t\t<span class=\"elementor-share-btn__icon\">\n\t\t\t\t\t\t\t\t<i class=\"fab fa-linkedin\" aria-hidden=\"true\"><\/i>\t\t\t\t\t\t\t<\/span>\n\t\t\t\t\t\t\t\t\t\t\t\t\t\t\t\t\t\t\t\t\t\t<div class=\"elementor-share-btn__text\">\n\t\t\t\t\t\t\t\t\t\t\t\t\t\t\t\t\t\t\t<span class=\"elementor-share-btn__title\">\n\t\t\t\t\t\t\t\t\t\tLinkedIn\t\t\t\t\t\t\t\t\t<\/span>\n\t\t\t\t\t\t\t\t\t\t\t\t\t\t\t\t\t<\/div>\n\t\t\t\t\t\t\t\t\t\t\t\t\t<\/div>\n\t\t\t\t\t<\/div>\n\t\t\t\t\t\t<\/div>\n\t\t\t\t\t\t<\/div>\n\t\t\t\t<\/div>\n\t\t\t\t\t<\/div>\n\t\t<\/div>\n\t\t\t\t<div class=\"elementor-column elementor-col-50 elementor-inner-column elementor-element elementor-element-453f3b9\" data-id=\"453f3b9\" data-element_type=\"column\" data-settings=\"{&quot;background_background&quot;:&quot;classic&quot;}\">\n\t\t\t<div class=\"elementor-widget-wrap elementor-element-populated\">\n\t\t\t\t\t\t<div class=\"elementor-element elementor-element-aa25d61 elementor-widget elementor-widget-theme-post-featured-image elementor-widget-image\" data-id=\"aa25d61\" data-element_type=\"widget\" data-widget_type=\"theme-post-featured-image.default\">\n\t\t\t\t<div class=\"elementor-widget-container\">\n\t\t\t\t\t\t\t\t\t\t\t\t\t\t\t<img loading=\"lazy\" decoding=\"async\" width=\"500\" height=\"500\" src=\"https:\/\/easyfairsassets.com\/sites\/60\/2022\/05\/Foto-sito-500x500-48.png\" class=\"attachment-full size-full wp-image-27409\" alt=\"Packaging Avant-Garde\" srcset=\"https:\/\/easyfairsassets.com\/sites\/60\/2022\/05\/Foto-sito-500x500-48.png 500w, https:\/\/easyfairsassets.com\/sites\/60\/2022\/05\/Foto-sito-500x500-48-300x300.png 300w, https:\/\/easyfairsassets.com\/sites\/60\/2022\/05\/Foto-sito-500x500-48-150x150.png 150w\" sizes=\"(max-width: 500px) 100vw, 500px\" \/>\t\t\t\t\t\t\t\t\t\t\t\t\t\t\t<\/div>\n\t\t\t\t<\/div>\n\t\t\t\t<div class=\"elementor-element elementor-element-a044569 elementor-hidden-desktop elementor-hidden-tablet elementor-hidden-mobile elementor-widget elementor-widget-theme-post-featured-image elementor-widget-image\" data-id=\"a044569\" data-element_type=\"widget\" data-widget_type=\"theme-post-featured-image.default\">\n\t\t\t\t<div class=\"elementor-widget-container\">\n\t\t\t\t\t\t\t\t\t\t\t\t\t\t\t<img loading=\"lazy\" decoding=\"async\" width=\"500\" height=\"500\" src=\"https:\/\/easyfairsassets.com\/sites\/60\/2022\/05\/Foto-sito-500x500-48.png\" class=\"attachment-large size-large wp-image-27409\" alt=\"Packaging Avant-Garde\" srcset=\"https:\/\/easyfairsassets.com\/sites\/60\/2022\/05\/Foto-sito-500x500-48.png 500w, https:\/\/easyfairsassets.com\/sites\/60\/2022\/05\/Foto-sito-500x500-48-300x300.png 300w, https:\/\/easyfairsassets.com\/sites\/60\/2022\/05\/Foto-sito-500x500-48-150x150.png 150w\" sizes=\"(max-width: 500px) 100vw, 500px\" \/>\t\t\t\t\t\t\t\t\t\t\t\t\t\t\t<\/div>\n\t\t\t\t<\/div>\n\t\t\t\t<div class=\"elementor-element elementor-element-96d9233 elementor-hidden-desktop elementor-hidden-tablet elementor-hidden-mobile elementor-widget elementor-widget-text-editor\" data-id=\"96d9233\" data-element_type=\"widget\" data-widget_type=\"text-editor.default\">\n\t\t\t\t<div class=\"elementor-widget-container\">\n\t\t\t\t\t\t\t\t\t<p>Lorem ipsum dolor sit amet, consectetur adipiscing elit Lorem ipsum dolor sit amet, consectetur adipiscing elit<\/p>\t\t\t\t\t\t\t\t<\/div>\n\t\t\t\t<\/div>\n\t\t\t\t<div class=\"elementor-element elementor-element-f3afd38 elementor-widget elementor-widget-spacer\" data-id=\"f3afd38\" data-element_type=\"widget\" data-widget_type=\"spacer.default\">\n\t\t\t\t<div class=\"elementor-widget-container\">\n\t\t\t\t\t\t\t<div class=\"elementor-spacer\">\n\t\t\t<div class=\"elementor-spacer-inner\"><\/div>\n\t\t<\/div>\n\t\t\t\t\t\t<\/div>\n\t\t\t\t<\/div>\n\t\t\t\t<div class=\"elementor-element elementor-element-23c76e8 elementor-widget elementor-widget-heading\" data-id=\"23c76e8\" data-element_type=\"widget\" data-widget_type=\"heading.default\">\n\t\t\t\t<div class=\"elementor-widget-container\">\n\t\t\t\t\t<h2 class=\"elementor-heading-title elementor-size-default\">Le ultime news da Packaging Premi\u00e8re e PCD Milan<\/h2>\t\t\t\t<\/div>\n\t\t\t\t<\/div>\n\t\t\t\t<div class=\"elementor-element elementor-element-ebc895c elementor-align-justify elementor-widget elementor-widget-dynamic-button\" data-id=\"ebc895c\" data-element_type=\"widget\" data-settings=\"{&quot;_animation&quot;:&quot;none&quot;}\" data-widget_type=\"dynamic-button.default\">\n\t\t\t\t<div class=\"elementor-widget-container\">\n\t\t\t\t\t        <div class=\"elementor-button-wrapper\">\n            <a href=\"https:\/\/www.packagingpremiere.it\/it\/iscriviti-alla-newsletter\/\" class=\"elementor-button-link elementor-button elementor-size-sm elementor-animation-grow\" role=\"button\">\n                        <span class=\"elementor-button-content-wrapper\">\n\t\t\t                <span class=\"elementor-button-icon elementor-align-icon-right\">\n\t\t\t\t<i aria-hidden=\"true\" class=\"fas fa-angle-right\"><\/i>\t\t\t<\/span>\n            \t\t\t<span class=\"elementor-button-text\">Iscriviti alla newsletter<\/span>\n\t\t<\/span>\n                    <\/a>\n        <\/div>\n        \t\t\t\t<\/div>\n\t\t\t\t<\/div>\n\t\t\t\t\t<\/div>\n\t\t<\/div>\n\t\t\t\t\t<\/div>\n\t\t<\/section>\n\t\t\t\t\t<\/div>\n\t\t<\/div>\n\t\t\t\t\t<\/div>\n\t\t<\/section>\n\t\t\t\t<section class=\"elementor-section elementor-top-section elementor-element elementor-element-0bdcb8b elementor-section-full_width elementor-section-height-default elementor-section-height-default\" data-id=\"0bdcb8b\" data-element_type=\"section\" data-settings=\"{&quot;background_background&quot;:&quot;classic&quot;}\">\n\t\t\t\t\t\t<div class=\"elementor-container elementor-column-gap-custom\">\n\t\t\t\t\t<div class=\"elementor-column elementor-col-100 elementor-top-column elementor-element elementor-element-4946b40\" data-id=\"4946b40\" data-element_type=\"column\">\n\t\t\t<div class=\"elementor-widget-wrap\">\n\t\t\t\t\t\t\t<\/div>\n\t\t<\/div>\n\t\t\t\t\t<\/div>\n\t\t<\/section>\n\t\t\t\t<\/div>\n\t\t","protected":false},"excerpt":{"rendered":"<p class=\"MsoNormal\">La giuria di Avant-Garde. Vi presentiamo i dieci esperti di packaging, design, innovazione e sostenibilit\u00e0 che hanno scelto i progetti pi\u00f9 innovativi di Packaging Premi\u00e8re 2022.<\/p>\n","protected":false},"author":174,"featured_media":27409,"comment_status":"open","ping_status":"open","sticky":false,"template":"","format":"standard","meta":{"_seopress_robots_primary_cat":"none","_seopress_titles_title":"La giuria di Avant-Garde %%sep%% %%sitetitle%%","_seopress_titles_desc":"La giuria di Avant-Garde. Vi presentiamo i dieci esperti che hanno scelto i progetti pi\u00f9 innovativi di Packaging Premi\u00e8re 2022.","_seopress_robots_index":"","footnotes":""},"categories":[356,349],"tags":[],"edition":[],"class_list":["post-27407","post","type-post","status-publish","format-standard","has-post-thumbnail","hentry","category-avant-garde","category-top-news"],"_links":{"self":[{"href":"https:\/\/www.packagingpremiere.it\/it\/wp-json\/wp\/v2\/posts\/27407","targetHints":{"allow":["GET"]}}],"collection":[{"href":"https:\/\/www.packagingpremiere.it\/it\/wp-json\/wp\/v2\/posts"}],"about":[{"href":"https:\/\/www.packagingpremiere.it\/it\/wp-json\/wp\/v2\/types\/post"}],"author":[{"embeddable":true,"href":"https:\/\/www.packagingpremiere.it\/it\/wp-json\/wp\/v2\/users\/174"}],"replies":[{"embeddable":true,"href":"https:\/\/www.packagingpremiere.it\/it\/wp-json\/wp\/v2\/comments?post=27407"}],"version-history":[{"count":5,"href":"https:\/\/www.packagingpremiere.it\/it\/wp-json\/wp\/v2\/posts\/27407\/revisions"}],"predecessor-version":[{"id":35063,"href":"https:\/\/www.packagingpremiere.it\/it\/wp-json\/wp\/v2\/posts\/27407\/revisions\/35063"}],"wp:featuredmedia":[{"embeddable":true,"href":"https:\/\/www.packagingpremiere.it\/it\/wp-json\/wp\/v2\/media\/27409"}],"wp:attachment":[{"href":"https:\/\/www.packagingpremiere.it\/it\/wp-json\/wp\/v2\/media?parent=27407"}],"wp:term":[{"taxonomy":"category","embeddable":true,"href":"https:\/\/www.packagingpremiere.it\/it\/wp-json\/wp\/v2\/categories?post=27407"},{"taxonomy":"post_tag","embeddable":true,"href":"https:\/\/www.packagingpremiere.it\/it\/wp-json\/wp\/v2\/tags?post=27407"},{"taxonomy":"edition","embeddable":true,"href":"https:\/\/www.packagingpremiere.it\/it\/wp-json\/wp\/v2\/edition?post=27407"}],"curies":[{"name":"wp","href":"https:\/\/api.w.org\/{rel}","templated":true}]}}