{"id":233334,"date":"2026-03-10T16:46:18","date_gmt":"2026-03-10T15:46:18","guid":{"rendered":"https:\/\/www.packagingpremiere.it\/?p=233334"},"modified":"2026-03-10T16:46:19","modified_gmt":"2026-03-10T15:46:19","slug":"packaging-speaks-green","status":"publish","type":"post","link":"https:\/\/www.packagingpremiere.it\/it\/media-partner\/packaging-speaks-green\/","title":{"rendered":"Packaging Speaks Green"},"content":{"rendered":"\n<p><a href=\"https:\/\/packagingspeaksgreen.com\">https:\/\/packagingspeaksgreen.com<\/a><\/p>\n\n\n\n<p><\/p>\n","protected":false},"excerpt":{"rendered":"<p>https:\/\/packagingspeaksgreen.com<\/p>\n","protected":false},"author":174,"featured_media":233339,"comment_status":"open","ping_status":"open","sticky":false,"template":"","format":"standard","meta":{"_seopress_robots_primary_cat":"none","_seopress_titles_title":"Packaging Speaks Green \u00e8 partner dell'evento %%sep%% %%sitetitle%%","_seopress_titles_desc":"Packaging Speaks Green \u00e8 partner di Packaging Premi\u00e8re","_seopress_robots_index":"","footnotes":""},"categories":[673],"tags":[671],"edition":[659],"class_list":["post-233334","post","type-post","status-publish","format-standard","has-post-thumbnail","hentry","category-media-partner","tag-mediapartner","edition-packaging-premiere-pcd-milan-2024"],"_links":{"self":[{"href":"https:\/\/www.packagingpremiere.it\/it\/wp-json\/wp\/v2\/posts\/233334","targetHints":{"allow":["GET"]}}],"collection":[{"href":"https:\/\/www.packagingpremiere.it\/it\/wp-json\/wp\/v2\/posts"}],"about":[{"href":"https:\/\/www.packagingpremiere.it\/it\/wp-json\/wp\/v2\/types\/post"}],"author":[{"embeddable":true,"href":"https:\/\/www.packagingpremiere.it\/it\/wp-json\/wp\/v2\/users\/174"}],"replies":[{"embeddable":true,"href":"https:\/\/www.packagingpremiere.it\/it\/wp-json\/wp\/v2\/comments?post=233334"}],"version-history":[{"count":1,"href":"https:\/\/www.packagingpremiere.it\/it\/wp-json\/wp\/v2\/posts\/233334\/revisions"}],"predecessor-version":[{"id":233342,"href":"https:\/\/www.packagingpremiere.it\/it\/wp-json\/wp\/v2\/posts\/233334\/revisions\/233342"}],"wp:featuredmedia":[{"embeddable":true,"href":"https:\/\/www.packagingpremiere.it\/it\/wp-json\/wp\/v2\/media\/233339"}],"wp:attachment":[{"href":"https:\/\/www.packagingpremiere.it\/it\/wp-json\/wp\/v2\/media?parent=233334"}],"wp:term":[{"taxonomy":"category","embeddable":true,"href":"https:\/\/www.packagingpremiere.it\/it\/wp-json\/wp\/v2\/categories?post=233334"},{"taxonomy":"post_tag","embeddable":true,"href":"https:\/\/www.packagingpremiere.it\/it\/wp-json\/wp\/v2\/tags?post=233334"},{"taxonomy":"edition","embeddable":true,"href":"https:\/\/www.packagingpremiere.it\/it\/wp-json\/wp\/v2\/edition?post=233334"}],"curies":[{"name":"wp","href":"https:\/\/api.w.org\/{rel}","templated":true}]}}