{"id":233278,"date":"2026-03-06T17:27:22","date_gmt":"2026-03-06T16:27:22","guid":{"rendered":"https:\/\/www.packagingpremiere.it\/?p=233278"},"modified":"2026-03-06T17:27:23","modified_gmt":"2026-03-06T16:27:23","slug":"stratego-group","status":"publish","type":"post","link":"https:\/\/www.packagingpremiere.it\/it\/media-partner\/stratego-group\/","title":{"rendered":"Stratego Group"},"content":{"rendered":"\n<p><a href=\"https:\/\/www.strategogroup.net\/\">https:\/\/www.strategogroup.net\/<\/a><\/p>\n\n\n\n<p><\/p>\n","protected":false},"excerpt":{"rendered":"<p>https:\/\/www.strategogroup.net\/<\/p>\n","protected":false},"author":174,"featured_media":233283,"comment_status":"open","ping_status":"open","sticky":false,"template":"","format":"standard","meta":{"_seopress_robots_primary_cat":"none","_seopress_titles_title":"Stratego Group \u00e8 partner dell'evento %%sep%% %%sitetitle%%","_seopress_titles_desc":"Stratego Group \u00e8 partner di Packaging Premi\u00e8re","_seopress_robots_index":"","footnotes":""},"categories":[673],"tags":[671],"edition":[659],"class_list":["post-233278","post","type-post","status-publish","format-standard","has-post-thumbnail","hentry","category-media-partner","tag-mediapartner","edition-packaging-premiere-pcd-milan-2024"],"_links":{"self":[{"href":"https:\/\/www.packagingpremiere.it\/it\/wp-json\/wp\/v2\/posts\/233278","targetHints":{"allow":["GET"]}}],"collection":[{"href":"https:\/\/www.packagingpremiere.it\/it\/wp-json\/wp\/v2\/posts"}],"about":[{"href":"https:\/\/www.packagingpremiere.it\/it\/wp-json\/wp\/v2\/types\/post"}],"author":[{"embeddable":true,"href":"https:\/\/www.packagingpremiere.it\/it\/wp-json\/wp\/v2\/users\/174"}],"replies":[{"embeddable":true,"href":"https:\/\/www.packagingpremiere.it\/it\/wp-json\/wp\/v2\/comments?post=233278"}],"version-history":[{"count":1,"href":"https:\/\/www.packagingpremiere.it\/it\/wp-json\/wp\/v2\/posts\/233278\/revisions"}],"predecessor-version":[{"id":233286,"href":"https:\/\/www.packagingpremiere.it\/it\/wp-json\/wp\/v2\/posts\/233278\/revisions\/233286"}],"wp:featuredmedia":[{"embeddable":true,"href":"https:\/\/www.packagingpremiere.it\/it\/wp-json\/wp\/v2\/media\/233283"}],"wp:attachment":[{"href":"https:\/\/www.packagingpremiere.it\/it\/wp-json\/wp\/v2\/media?parent=233278"}],"wp:term":[{"taxonomy":"category","embeddable":true,"href":"https:\/\/www.packagingpremiere.it\/it\/wp-json\/wp\/v2\/categories?post=233278"},{"taxonomy":"post_tag","embeddable":true,"href":"https:\/\/www.packagingpremiere.it\/it\/wp-json\/wp\/v2\/tags?post=233278"},{"taxonomy":"edition","embeddable":true,"href":"https:\/\/www.packagingpremiere.it\/it\/wp-json\/wp\/v2\/edition?post=233278"}],"curies":[{"name":"wp","href":"https:\/\/api.w.org\/{rel}","templated":true}]}}