{"id":233244,"date":"2026-03-06T17:18:23","date_gmt":"2026-03-06T16:18:23","guid":{"rendered":"https:\/\/www.packagingpremiere.it\/?p=233244"},"modified":"2026-03-06T17:18:24","modified_gmt":"2026-03-06T16:18:24","slug":"stampamedia","status":"publish","type":"post","link":"https:\/\/www.packagingpremiere.it\/it\/media-partner\/stampamedia\/","title":{"rendered":"Stampamedia"},"content":{"rendered":"\n<p><a href=\"https:\/\/www.stampamedia.net\/\">https:\/\/www.stampamedia.net\/<\/a><\/p>\n","protected":false},"excerpt":{"rendered":"<p>https:\/\/www.stampamedia.net\/<\/p>\n","protected":false},"author":174,"featured_media":233249,"comment_status":"open","ping_status":"open","sticky":false,"template":"","format":"standard","meta":{"_seopress_robots_primary_cat":"none","_seopress_titles_title":"Stampamedia \u00e8 partner dell'evento %%sep%% %%sitetitle%%","_seopress_titles_desc":"Stampamedia \u00e8 partner di Packaging Premi\u00e8re","_seopress_robots_index":"","footnotes":""},"categories":[673],"tags":[671],"edition":[659],"class_list":["post-233244","post","type-post","status-publish","format-standard","has-post-thumbnail","hentry","category-media-partner","tag-mediapartner","edition-packaging-premiere-pcd-milan-2024"],"_links":{"self":[{"href":"https:\/\/www.packagingpremiere.it\/it\/wp-json\/wp\/v2\/posts\/233244","targetHints":{"allow":["GET"]}}],"collection":[{"href":"https:\/\/www.packagingpremiere.it\/it\/wp-json\/wp\/v2\/posts"}],"about":[{"href":"https:\/\/www.packagingpremiere.it\/it\/wp-json\/wp\/v2\/types\/post"}],"author":[{"embeddable":true,"href":"https:\/\/www.packagingpremiere.it\/it\/wp-json\/wp\/v2\/users\/174"}],"replies":[{"embeddable":true,"href":"https:\/\/www.packagingpremiere.it\/it\/wp-json\/wp\/v2\/comments?post=233244"}],"version-history":[{"count":1,"href":"https:\/\/www.packagingpremiere.it\/it\/wp-json\/wp\/v2\/posts\/233244\/revisions"}],"predecessor-version":[{"id":233252,"href":"https:\/\/www.packagingpremiere.it\/it\/wp-json\/wp\/v2\/posts\/233244\/revisions\/233252"}],"wp:featuredmedia":[{"embeddable":true,"href":"https:\/\/www.packagingpremiere.it\/it\/wp-json\/wp\/v2\/media\/233249"}],"wp:attachment":[{"href":"https:\/\/www.packagingpremiere.it\/it\/wp-json\/wp\/v2\/media?parent=233244"}],"wp:term":[{"taxonomy":"category","embeddable":true,"href":"https:\/\/www.packagingpremiere.it\/it\/wp-json\/wp\/v2\/categories?post=233244"},{"taxonomy":"post_tag","embeddable":true,"href":"https:\/\/www.packagingpremiere.it\/it\/wp-json\/wp\/v2\/tags?post=233244"},{"taxonomy":"edition","embeddable":true,"href":"https:\/\/www.packagingpremiere.it\/it\/wp-json\/wp\/v2\/edition?post=233244"}],"curies":[{"name":"wp","href":"https:\/\/api.w.org\/{rel}","templated":true}]}}