{"id":230681,"date":"2025-12-22T11:38:06","date_gmt":"2025-12-22T10:38:06","guid":{"rendered":"https:\/\/www.packagingpremiere.it\/?p=230681"},"modified":"2026-03-05T14:53:44","modified_gmt":"2026-03-05T13:53:44","slug":"call-for-artist-art-gallery-2026-di-packaging-premiere-milan","status":"publish","type":"post","link":"https:\/\/www.packagingpremiere.it\/it\/non-categorizzato\/call-for-artist-art-gallery-2026-di-packaging-premiere-milan\/","title":{"rendered":"Call for Artist! \u2013 Art Gallery 2026 di Packaging Premi\u00e8re Milan"},"content":{"rendered":"\t\t<div data-elementor-type=\"wp-post\" data-elementor-id=\"230681\" class=\"elementor elementor-230681\" data-elementor-post-type=\"post\">\n\t\t\t\t\t\t<section class=\"elementor-section elementor-top-section elementor-element elementor-element-35694cc elementor-section-full_width elementor-section-height-default elementor-section-height-default\" data-id=\"35694cc\" data-element_type=\"section\" data-settings=\"{&quot;background_background&quot;:&quot;classic&quot;}\">\n\t\t\t\t\t\t<div class=\"elementor-container elementor-column-gap-custom\">\n\t\t\t\t\t<div class=\"elementor-column elementor-col-100 elementor-top-column elementor-element elementor-element-8c7069f\" data-id=\"8c7069f\" data-element_type=\"column\" data-settings=\"{&quot;background_background&quot;:&quot;classic&quot;}\">\n\t\t\t<div class=\"elementor-widget-wrap elementor-element-populated\">\n\t\t\t\t\t\t<div class=\"elementor-element elementor-element-61b907b elementor-widget elementor-widget-theme-post-title elementor-page-title elementor-widget-heading\" data-id=\"61b907b\" data-element_type=\"widget\" data-widget_type=\"theme-post-title.default\">\n\t\t\t\t<div class=\"elementor-widget-container\">\n\t\t\t\t\t<h1 class=\"elementor-heading-title elementor-size-default\">Call for Artist! \u2013 Art Gallery 2026 di Packaging Premi\u00e8re Milan<\/h1>\t\t\t\t<\/div>\n\t\t\t\t<\/div>\n\t\t\t\t<section class=\"elementor-section elementor-inner-section elementor-element elementor-element-9b04e1b elementor-section-full_width elementor-section-height-default elementor-section-height-default\" data-id=\"9b04e1b\" data-element_type=\"section\">\n\t\t\t\t\t\t<div class=\"elementor-container elementor-column-gap-default\">\n\t\t\t\t\t<div class=\"elementor-column elementor-col-50 elementor-inner-column elementor-element elementor-element-b9d35cd\" data-id=\"b9d35cd\" data-element_type=\"column\" data-settings=\"{&quot;background_background&quot;:&quot;classic&quot;}\">\n\t\t\t<div class=\"elementor-widget-wrap elementor-element-populated\">\n\t\t\t\t\t\t<div class=\"elementor-element elementor-element-d218a3e elementor-widget elementor-widget-post-info\" data-id=\"d218a3e\" data-element_type=\"widget\" data-widget_type=\"post-info.default\">\n\t\t\t\t<div class=\"elementor-widget-container\">\n\t\t\t\t\t\t\t<ul class=\"elementor-inline-items elementor-icon-list-items elementor-post-info\">\n\t\t\t\t\t\t\t\t<li class=\"elementor-icon-list-item elementor-repeater-item-24b06d9 elementor-inline-item\" itemprop=\"datePublished\">\n\t\t\t\t\t\t<a href=\"https:\/\/www.packagingpremiere.it\/it\/2025\/12\/22\/\">\n\t\t\t\t\t\t\t\t\t\t\t\t\t\t<span class=\"elementor-icon-list-text elementor-post-info__item elementor-post-info__item--type-date\">\n\t\t\t\t\t\t\t\t\t\t<time>Dicembre 22, 2025<\/time>\t\t\t\t\t<\/span>\n\t\t\t\t\t\t\t\t\t<\/a>\n\t\t\t\t<\/li>\n\t\t\t\t<\/ul>\n\t\t\t\t\t\t<\/div>\n\t\t\t\t<\/div>\n\t\t\t\t<div class=\"elementor-element elementor-element-0a0088c elementor-widget elementor-widget-text-editor\" data-id=\"0a0088c\" data-element_type=\"widget\" data-widget_type=\"text-editor.default\">\n\t\t\t\t<div class=\"elementor-widget-container\">\n\t\t\t\t\t\t\t\t\t<div class=\"flex max-w-full flex-col flex-grow\"><div class=\"min-h-8 text-message flex w-full flex-col items-end gap-2 whitespace-normal break-words [.text-message+&amp;]:mt-5\" dir=\"auto\" data-message-author-role=\"assistant\" data-message-id=\"46cbbc2e-ff7a-4a8e-bb33-4369957c9ad2\" data-message-model-slug=\"gpt-4o\"><div class=\"flex w-full flex-col gap-1 empty:hidden first:pt-[3px]\"><div class=\"markdown prose w-full break-words dark:prose-invert light\"><article class=\"text-token-text-primary w-full focus:outline-none scroll-mt-[calc(var(--header-height)+min(200px,max(70px,20svh)))]\" dir=\"auto\" tabindex=\"-1\" data-turn-id=\"f098f7a6-033e-4cbf-b72e-8a43620f7ef1\" data-testid=\"conversation-turn-2\" data-scroll-anchor=\"false\" data-turn=\"assistant\"><div class=\"text-base my-auto mx-auto [--thread-content-margin:--spacing(4)] thread-sm:[--thread-content-margin:--spacing(6)] thread-lg:[--thread-content-margin:--spacing(16)] px-(--thread-content-margin)\"><div class=\"[--thread-content-max-width:40rem] thread-lg:[--thread-content-max-width:48rem] mx-auto max-w-(--thread-content-max-width) flex-1 group\/turn-messages focus-visible:outline-hidden relative flex w-full min-w-0 flex-col agent-turn\" tabindex=\"-1\"><div class=\"flex max-w-full flex-col grow\"><div class=\"min-h-8 text-message relative flex w-full flex-col items-end gap-2 text-start break-words whitespace-normal [.text-message+&amp;]:mt-5\" dir=\"auto\" data-message-author-role=\"assistant\" data-message-id=\"c307f31e-45c7-4e86-8048-648e107280d8\" data-message-model-slug=\"gpt-5\"><div class=\"flex w-full flex-col gap-1 empty:hidden first:pt-[3px]\"><div class=\"markdown prose dark:prose-invert w-full break-words light markdown-new-styling\"><p>Packaging Premi\u00e8re Milan si afferma come \u201cplace to be\u201d per gli operatori del packaging di lusso, ma \u00e8 molto di pi\u00f9: un luogo di ispirazione, dove innovazione, creativit\u00e0 e tendenze si incontrano, stimolando la riflessione e aprendo a nuove prospettive per il futuro del packaging e della comunicazione visiva.<\/p><\/div><\/div><\/div><\/div><\/div><\/div><\/article><\/div><\/div><\/div><\/div>\t\t\t\t\t\t\t\t<\/div>\n\t\t\t\t<\/div>\n\t\t\t\t<div class=\"elementor-element elementor-element-23b47b3 elementor-widget elementor-widget-text-editor\" data-id=\"23b47b3\" data-element_type=\"widget\" data-widget_type=\"text-editor.default\">\n\t\t\t\t<div class=\"elementor-widget-container\">\n\t\t\t\t\t\t\t\t\t<p>L\u2019artwork della paper artist Elisabetta Bonuccelli che accompagna l\u2019edizione 2026 lavora in questa direzione: un ritorno alle origini della manualit\u00e0, che passa attraverso la realizzazione di un origami geometrico. Volumi, texture e matericit\u00e0 partono dall\u2019artigianato e arrivano alla filiera: un nuovo umanesimo nella collaborazione della community del packaging.<\/p><p>Invitiamo, quindi,\u00a0designer, digital artist, grafici e illustratori ad inviare le proprie candidature per l\u2019Art Gallery di Packaging Premi\u00e8re Milan, lo spazio di sperimentazione artistica dell\u2019evento.<\/p>\t\t\t\t\t\t\t\t<\/div>\n\t\t\t\t<\/div>\n\t\t\t\t<div class=\"elementor-element elementor-element-ab92028 elementor-widget elementor-widget-image\" data-id=\"ab92028\" data-element_type=\"widget\" data-widget_type=\"image.default\">\n\t\t\t\t<div class=\"elementor-widget-container\">\n\t\t\t\t\t\t\t\t\t\t\t\t\t\t\t<img fetchpriority=\"high\" decoding=\"async\" width=\"800\" height=\"533\" src=\"https:\/\/easyfairsassets.com\/sites\/60\/2025\/12\/IMG_1443.jpg\" class=\"attachment-large size-large wp-image-230691\" alt=\"\" srcset=\"https:\/\/easyfairsassets.com\/sites\/60\/2025\/12\/IMG_1443.jpg 1200w, https:\/\/easyfairsassets.com\/sites\/60\/2025\/12\/IMG_1443-300x200.jpg 300w, https:\/\/easyfairsassets.com\/sites\/60\/2025\/12\/IMG_1443-768x512.jpg 768w\" sizes=\"(max-width: 800px) 100vw, 800px\" \/>\t\t\t\t\t\t\t\t\t\t\t\t\t\t\t<\/div>\n\t\t\t\t<\/div>\n\t\t\t\t<div class=\"elementor-element elementor-element-74b2f39 elementor-widget elementor-widget-text-editor\" data-id=\"74b2f39\" data-element_type=\"widget\" data-widget_type=\"text-editor.default\">\n\t\t\t\t<div class=\"elementor-widget-container\">\n\t\t\t\t\t\t\t\t\t<p><em>Art Gallery 2025<\/em><\/p>\t\t\t\t\t\t\t\t<\/div>\n\t\t\t\t<\/div>\n\t\t\t\t<div class=\"elementor-element elementor-element-a70b44d elementor-widget elementor-widget-text-editor\" data-id=\"a70b44d\" data-element_type=\"widget\" data-widget_type=\"text-editor.default\">\n\t\t\t\t<div class=\"elementor-widget-container\">\n\t\t\t\t\t\t\t\t\t<h4><strong><em>Tema dell&#8217;Art Gallery<\/em><\/strong><\/h4>\t\t\t\t\t\t\t\t<\/div>\n\t\t\t\t<\/div>\n\t\t\t\t<div class=\"elementor-element elementor-element-cea3c75 elementor-widget elementor-widget-text-editor\" data-id=\"cea3c75\" data-element_type=\"widget\" data-widget_type=\"text-editor.default\">\n\t\t\t\t<div class=\"elementor-widget-container\">\n\t\t\t\t\t\t\t\t\t<p>Lo spazio progettuale dell\u2019Art Gallery prender\u00e0 il nome di <strong>Folded Realities<\/strong>, ispirandosi al <a href=\"https:\/\/www.packagingpremiere.it\/it\/non-categorizzato\/paper-tracks-dove-puo-portare-carta\/?_gl=1*1upogq7*_up*MQ..*_ga*NDkzMDE3ODM2LjE3NjU5ODY5MDE.*_ga_SP0GSB6P5H*czE3NjU5ODY5MDAkbzEkZzEkdDE3NjU5ODgzODkkajYwJGwwJGgw\">lavoro di Elisabetta Bonuccelli<\/a>. Il tema delle pieghe, intese come tracce, accompagna tutto l\u2019evento nell\u2019idea di lasciare un segno, non solo grafico.<\/p><p>Il progetto espositivo si svilupper\u00e0 all\u2019interno di <strong>tre stanze<\/strong>, ciascuna caratterizzata da un colore dominante: <strong>bianco, rosso e nero<\/strong>. In totale verranno selezionati <strong>9 artisti<\/strong>, e ciascun artista dovr\u00e0 realizzare un <strong>trittico<\/strong>, un\u2019opera per ciascun colore\/stanza.<\/p><p>Ogni artista dovr\u00e0 presentare: <strong>1 opera bianca<\/strong>, <strong>1 opera rossa<\/strong> e <strong>1 opera nera<\/strong>.<\/p><p>Le tre opere:<\/p><ul><li>devono essere <strong>coerenti tra loro<\/strong>, come parti di un unico progetto,<\/li><li>devono per\u00f2 funzionare anche <strong>singolarmente<\/strong>, all\u2019interno della stanza monocromatica in cui saranno esposte,<\/li><li><strong>non devono necessariamente essere la stessa immagine declinata in tre colori<\/strong>: \u00e8 anzi preferibile che siano tre lavori distinti, pensati specificamente per ciascun colore, mantenendo una continuit\u00e0 concettuale e formale.<\/li><\/ul><p>Ogni colore non \u00e8 solo una scelta cromatica, ma rappresenta un <strong>ambiente<\/strong>, un <strong>clima emotivo<\/strong> e una <strong>tensione visiva<\/strong> diversa. Per questo motivo, ogni opera del trittico dovr\u00e0 essere ispirata anche da una <strong>traccia musicale specifica<\/strong>, diversa per ciascun colore. Le tracce musicali non vanno \u201cillustrate\u201d, ma utilizzate come <strong>stimolo emotivo, ritmico o concettuale<\/strong> per la costruzione dell\u2019opera.<\/p><ul><li>Al bianco \u00e8 associato il <a href=\"https:\/\/open.spotify.com\/track\/2tZ5R9EaWzBNcXYQMXY0rr?si=PuGvJVM1TPitTgY-mv3xTw\">brano Brughiera<\/a> di Anna Ox*,<\/li><li>al rosso \u00e8 associato il <a href=\"https:\/\/open.spotify.com\/track\/2NPiuCpoqnFLs2cytgYDHS?si=VrdQjpquQq-FZekAiofqNw\">brano Ramo<\/a> di Anna Ox,<\/li><li>al nero \u00e8 associato il <a href=\"https:\/\/open.spotify.com\/track\/01SVci9KbwCZXtMDH0c2ZL?si=V10qFYlUTYGoJdBTJzkW8w\">brano Lady Isabel<\/a> di Anna Ox.<\/li><\/ul><p>Il tema curatoriale propone un ritorno alla <strong>manualit\u00e0<\/strong> come <strong>valore progettuale attivo<\/strong>, in cui <strong>forma, colore e suono<\/strong> dialogano in modo sinestetico. Poligoni, reti, reticoli e pattern modulari si comportano come strutture ritmiche, mentre increspature, creste e discontinuit\u00e0 generano variazioni visive assimilabili a modulazioni sonore. Su un supporto piatto, volumi e illusioni di tridimensionalit\u00e0 emergono grazie a sovrapposizioni, texture e mappe di rilievo, rafforzate dall\u2019interazione tra luce e ombra, che agisce come una dinamica musicale. Il colore \u2013 rosso, bianco e nero \u2013 non \u00e8 accessorio, ma funziona come elemento temporale ed espressivo. Processi ibridi, dall\u2019analogico al digitale, permettono di simulare pieghe, materiali e deformazioni impossibili, mantenendo una resa stampabile che conserva una forte materialit\u00e0. In questo modo, la trasformazione del foglio in forma e della piega in scultura diventa una partitura visiva, in cui la mano, il gesto e la materia si intrecciano con il ritmo musicale, dando vita a una plasticit\u00e0 visiva fatta di curvature, torsioni e spessori che rendono tangibile l\u2019interazione tra geometria, rilievo, colore e suono.<\/p>\t\t\t\t\t\t\t\t<\/div>\n\t\t\t\t<\/div>\n\t\t\t\t<div class=\"elementor-element elementor-element-a95b296 elementor-widget elementor-widget-image\" data-id=\"a95b296\" data-element_type=\"widget\" data-widget_type=\"image.default\">\n\t\t\t\t<div class=\"elementor-widget-container\">\n\t\t\t\t\t\t\t\t\t\t\t\t\t\t\t<img decoding=\"async\" width=\"800\" height=\"533\" src=\"https:\/\/easyfairsassets.com\/sites\/60\/2025\/11\/Foto-articolo-artwork.jpg\" class=\"attachment-large size-large wp-image-229714\" alt=\"\" srcset=\"https:\/\/easyfairsassets.com\/sites\/60\/2025\/11\/Foto-articolo-artwork.jpg 1200w, https:\/\/easyfairsassets.com\/sites\/60\/2025\/11\/Foto-articolo-artwork-300x200.jpg 300w, https:\/\/easyfairsassets.com\/sites\/60\/2025\/11\/Foto-articolo-artwork-768x512.jpg 768w\" sizes=\"(max-width: 800px) 100vw, 800px\" \/>\t\t\t\t\t\t\t\t\t\t\t\t\t\t\t<\/div>\n\t\t\t\t<\/div>\n\t\t\t\t<div class=\"elementor-element elementor-element-ade9167 elementor-widget elementor-widget-text-editor\" data-id=\"ade9167\" data-element_type=\"widget\" data-widget_type=\"text-editor.default\">\n\t\t\t\t<div class=\"elementor-widget-container\">\n\t\t\t\t\t\t\t\t\t<p><em>Photo Courtesy of Elisabetta Bonuccelli &#8211; Artwork Sample<\/em><\/p>\t\t\t\t\t\t\t\t<\/div>\n\t\t\t\t<\/div>\n\t\t\t\t<div class=\"elementor-element elementor-element-1044486 elementor-widget elementor-widget-text-editor\" data-id=\"1044486\" data-element_type=\"widget\" data-widget_type=\"text-editor.default\">\n\t\t\t\t<div class=\"elementor-widget-container\">\n\t\t\t\t\t\t\t\t\t<h4><strong><em>Destinatari<\/em><\/strong><\/h4>\t\t\t\t\t\t\t\t<\/div>\n\t\t\t\t<\/div>\n\t\t\t\t<div class=\"elementor-element elementor-element-294ff14 elementor-widget elementor-widget-text-editor\" data-id=\"294ff14\" data-element_type=\"widget\" data-widget_type=\"text-editor.default\">\n\t\t\t\t<div class=\"elementor-widget-container\">\n\t\t\t\t\t\t\t\t\t<p>Designer, digital artist, grafici e illustratori.<\/p>\t\t\t\t\t\t\t\t<\/div>\n\t\t\t\t<\/div>\n\t\t\t\t<div class=\"elementor-element elementor-element-ab694a6 elementor-widget elementor-widget-text-editor\" data-id=\"ab694a6\" data-element_type=\"widget\" data-widget_type=\"text-editor.default\">\n\t\t\t\t<div class=\"elementor-widget-container\">\n\t\t\t\t\t\t\t\t\t<h4><strong><em>Modalit\u00e0 di candidatura<\/em><\/strong><\/h4>\t\t\t\t\t\t\t\t<\/div>\n\t\t\t\t<\/div>\n\t\t\t\t<div class=\"elementor-element elementor-element-91857f4 elementor-widget elementor-widget-text-editor\" data-id=\"91857f4\" data-element_type=\"widget\" data-widget_type=\"text-editor.default\">\n\t\t\t\t<div class=\"elementor-widget-container\">\n\t\t\t\t\t\t\t\t\t<p>Inviare la candidatura via e-mail a: <a href=\"mailto:caterina.camozzi@easyfairs.com\">caterina.camozzi@easyfairs.com<\/a><br \/>Oggetto: CALL FOLDED REALITIES \u2013 Nome Cognome<br \/>Allegati richiesti:<\/p><ol><li>Un file Word (non Pages) con<ol><li>nome, cognome e\/o nome d\u2019arte,<\/li><li>biografia di non pi\u00f9 di 1.000 battute, spazi e punteggiatura compresi,<\/li><li>social\/sito di riferimento.<\/li><\/ol><\/li><li>Un secondo file Word (non Pages) con<ol><li>titolo del progetto,<\/li><li>titolo di ognuno dei 3 lavori (se previsto),<\/li><li>prezzo consigliato al pubblico*,<\/li><li>descrizione del progetto e dell\u2019attinenza al tema di non pi\u00f9 di 500 battute, spazi e punteggiatura compresi.<\/li><\/ol><\/li><li>Un WeTransfer\/SwissTransfer contenente i file dei 3 lavori, rinominati con il loro titolo, in formato .jpg e in una definizione minima di 300 dpi.<\/li><\/ol><p>*I lavori saranno in vendita durante tutto l\u2019evento.<\/p><p>I lavori saranno venduti dall\u2019organizzazione dell\u2019evento e il ricavato dell\u2019eventuale vendita sar\u00e0 diviso nella misura del 50% tra organizzazione e artista, dedotti i costi di produzione.<\/p><p>La\u00a0<strong>candidatura \u00e8 gratuita<\/strong>, cos\u00ec come la partecipazione all\u2019esposizione collettiva.<\/p><p>La stampa delle opere sar\u00e0 a carico dell\u2019organizzazione.<\/p>\t\t\t\t\t\t\t\t<\/div>\n\t\t\t\t<\/div>\n\t\t\t\t<div class=\"elementor-element elementor-element-75f1482 elementor-widget elementor-widget-text-editor\" data-id=\"75f1482\" data-element_type=\"widget\" data-widget_type=\"text-editor.default\">\n\t\t\t\t<div class=\"elementor-widget-container\">\n\t\t\t\t\t\t\t\t\t<h4><strong><em>Specifiche tecniche<\/em><\/strong><\/h4>\t\t\t\t\t\t\t\t<\/div>\n\t\t\t\t<\/div>\n\t\t\t\t<div class=\"elementor-element elementor-element-361d9b9 elementor-widget elementor-widget-text-editor\" data-id=\"361d9b9\" data-element_type=\"widget\" data-widget_type=\"text-editor.default\">\n\t\t\t\t<div class=\"elementor-widget-container\">\n\t\t\t\t\t\t\t\t\t<p>I lavori presentati \u2013 3 per artista \u2013 dovranno tutti avere sviluppo verticale 32x47h cm.<\/p><p>I file delle opere dovranno essere in formato vettoriale .pdf \/ .ai \/ .eps oppure in formato raster TIFF<br \/>(preferibilmente non .jpeg) con una risoluzione di almeno 300 dpi.<br \/>Potranno essere sia RGB che CMYK.<\/p>\t\t\t\t\t\t\t\t<\/div>\n\t\t\t\t<\/div>\n\t\t\t\t<div class=\"elementor-element elementor-element-63d4f07 elementor-widget elementor-widget-text-editor\" data-id=\"63d4f07\" data-element_type=\"widget\" data-widget_type=\"text-editor.default\">\n\t\t\t\t<div class=\"elementor-widget-container\">\n\t\t\t\t\t\t\t\t\t<h4><strong><em>Scadenza<\/em><\/strong><\/h4>\t\t\t\t\t\t\t\t<\/div>\n\t\t\t\t<\/div>\n\t\t\t\t<div class=\"elementor-element elementor-element-6248d84 elementor-widget elementor-widget-text-editor\" data-id=\"6248d84\" data-element_type=\"widget\" data-widget_type=\"text-editor.default\">\n\t\t\t\t<div class=\"elementor-widget-container\">\n\t\t\t\t\t\t\t\t\t<p>I\u00a0<strong>materiali richiesti<\/strong>\u00a0dal regolamento dovranno essere inviati all\u2019indirizzo e-mail\u00a0<a href=\"mailto:caterina.camozzi@easyfairs.com\">caterina.camozzi@easyfairs.com<\/a><\/p>\t\t\t\t\t\t\t\t<\/div>\n\t\t\t\t<\/div>\n\t\t\t\t<div class=\"elementor-element elementor-element-516fe3e elementor-widget-divider--view-line elementor-widget elementor-widget-divider\" data-id=\"516fe3e\" data-element_type=\"widget\" data-widget_type=\"divider.default\">\n\t\t\t\t<div class=\"elementor-widget-container\">\n\t\t\t\t\t\t\t<div class=\"elementor-divider\">\n\t\t\t<span class=\"elementor-divider-separator\">\n\t\t\t\t\t\t<\/span>\n\t\t<\/div>\n\t\t\t\t\t\t<\/div>\n\t\t\t\t<\/div>\n\t\t\t\t<div class=\"elementor-element elementor-element-0ebc85f elementor-widget elementor-widget-text-editor\" data-id=\"0ebc85f\" data-element_type=\"widget\" data-widget_type=\"text-editor.default\">\n\t\t\t\t<div class=\"elementor-widget-container\">\n\t\t\t\t\t\t\t\t\t<h4><strong>*Anna Ox<\/strong><\/h4>\t\t\t\t\t\t\t\t<\/div>\n\t\t\t\t<\/div>\n\t\t\t\t<div class=\"elementor-element elementor-element-2cfa62b elementor-widget elementor-widget-text-editor\" data-id=\"2cfa62b\" data-element_type=\"widget\" data-widget_type=\"text-editor.default\">\n\t\t\t\t<div class=\"elementor-widget-container\">\n\t\t\t\t\t\t\t\t\t<p>Anna Ox \u00e8 una band il cui progetto musicale \u00e8 strumentale, di matrice postrock con elementi di elettronica.<\/p>\t\t\t\t\t\t\t\t<\/div>\n\t\t\t\t<\/div>\n\t\t\t\t<div class=\"elementor-element elementor-element-2f5e056 elementor-align-justify elementor-hidden-mobile elementor-hidden-desktop elementor-hidden-tablet elementor-widget elementor-widget-dynamic-button\" data-id=\"2f5e056\" data-element_type=\"widget\" data-settings=\"{&quot;_animation&quot;:&quot;none&quot;}\" data-widget_type=\"dynamic-button.default\">\n\t\t\t\t<div class=\"elementor-widget-container\">\n\t\t\t\t\t        <div class=\"elementor-button-wrapper\">\n            <a href=\"https:\/\/selfridgespress.com\/2025\/09\/16\/magic-is-on-its-way-with-selfridges-and-disney-look-out-for-stardust-from-6-november-2025\/\" class=\"elementor-button-link elementor-button elementor-size-sm elementor-animation-grow\" role=\"button\">\n                        <span class=\"elementor-button-content-wrapper\">\n\t\t\t                <span class=\"elementor-button-icon elementor-align-icon-right\">\n\t\t\t\t<i aria-hidden=\"true\" class=\"fas fa-angle-right\"><\/i>\t\t\t<\/span>\n            \t\t\t<span class=\"elementor-button-text\">LEGGI L'ARTICOLO COMPLETO<\/span>\n\t\t<\/span>\n                    <\/a>\n        <\/div>\n        \t\t\t\t<\/div>\n\t\t\t\t<\/div>\n\t\t\t\t<div class=\"elementor-element elementor-element-88b71a2 elementor-hidden-desktop elementor-hidden-tablet elementor-hidden-mobile elementor-widget elementor-widget-text-editor\" data-id=\"88b71a2\" data-element_type=\"widget\" data-widget_type=\"text-editor.default\">\n\t\t\t\t<div class=\"elementor-widget-container\">\n\t\t\t\t\t\t\t\t\t<p><em>Fonte: <a href=\"https:\/\/selfridgespress.com\/2025\/09\/16\/magic-is-on-its-way-with-selfridges-and-disney-look-out-for-stardust-from-6-november-2025\/\">Selfridges<\/a><\/em><\/p>\t\t\t\t\t\t\t\t<\/div>\n\t\t\t\t<\/div>\n\t\t\t\t<div class=\"elementor-element elementor-element-980c92a elementor-align-justify elementor-hidden-desktop elementor-hidden-tablet elementor-hidden-mobile elementor-widget elementor-widget-dynamic-button\" data-id=\"980c92a\" data-element_type=\"widget\" data-settings=\"{&quot;_animation&quot;:&quot;none&quot;}\" data-widget_type=\"dynamic-button.default\">\n\t\t\t\t<div class=\"elementor-widget-container\">\n\t\t\t\t\t        <div class=\"elementor-button-wrapper\">\n            <a href=\"https:\/\/register.visitcloud.com\/survey\/1mmj76cco8jmb\/start?translation=2osctdwd2hreg\" target=\"_blank\" class=\"elementor-button-link elementor-button elementor-size-sm elementor-animation-grow\" role=\"button\">\n                        <span class=\"elementor-button-content-wrapper\">\n\t\t\t                <span class=\"elementor-button-icon elementor-align-icon-right\">\n\t\t\t\t<i aria-hidden=\"true\" class=\"fas fa-angle-right\"><\/i>\t\t\t<\/span>\n            \t\t\t<span class=\"elementor-button-text\">REGISTRATI ORA!<\/span>\n\t\t<\/span>\n                    <\/a>\n        <\/div>\n        \t\t\t\t<\/div>\n\t\t\t\t<\/div>\n\t\t\t\t<div class=\"elementor-element elementor-element-62ea236 elementor-icon-list--layout-inline elementor-align-center elementor-tablet-align-center elementor-list-item-link-full_width elementor-widget elementor-widget-icon-list\" data-id=\"62ea236\" data-element_type=\"widget\" data-widget_type=\"icon-list.default\">\n\t\t\t\t<div class=\"elementor-widget-container\">\n\t\t\t\t\t\t\t<ul class=\"elementor-icon-list-items elementor-inline-items\">\n\t\t\t\t\t\t\t<li class=\"elementor-icon-list-item elementor-inline-item\">\n\t\t\t\t\t\t\t\t\t\t\t<a href=\"https:\/\/www.facebook.com\/packagingpremiere\/\">\n\n\t\t\t\t\t\t\t\t\t\t\t\t<span class=\"elementor-icon-list-icon\">\n\t\t\t\t\t\t\t<i aria-hidden=\"true\" class=\"fab fa-facebook-f\"><\/i>\t\t\t\t\t\t<\/span>\n\t\t\t\t\t\t\t\t\t\t<span class=\"elementor-icon-list-text\"><\/span>\n\t\t\t\t\t\t\t\t\t\t\t<\/a>\n\t\t\t\t\t\t\t\t\t<\/li>\n\t\t\t\t\t\t\t\t<li class=\"elementor-icon-list-item elementor-inline-item\">\n\t\t\t\t\t\t\t\t\t\t\t<a href=\"https:\/\/www.instagram.com\/packagingpremiere\/\">\n\n\t\t\t\t\t\t\t\t\t\t\t\t<span class=\"elementor-icon-list-icon\">\n\t\t\t\t\t\t\t<i aria-hidden=\"true\" class=\"fab fa-instagram\"><\/i>\t\t\t\t\t\t<\/span>\n\t\t\t\t\t\t\t\t\t\t<span class=\"elementor-icon-list-text\"><\/span>\n\t\t\t\t\t\t\t\t\t\t\t<\/a>\n\t\t\t\t\t\t\t\t\t<\/li>\n\t\t\t\t\t\t\t\t<li class=\"elementor-icon-list-item elementor-inline-item\">\n\t\t\t\t\t\t\t\t\t\t\t<a href=\"https:\/\/www.linkedin.com\/company\/packaging-premi%C3%A8re\/\">\n\n\t\t\t\t\t\t\t\t\t\t\t\t<span class=\"elementor-icon-list-icon\">\n\t\t\t\t\t\t\t<i aria-hidden=\"true\" class=\"fab fa-linkedin\"><\/i>\t\t\t\t\t\t<\/span>\n\t\t\t\t\t\t\t\t\t\t<span class=\"elementor-icon-list-text\"><\/span>\n\t\t\t\t\t\t\t\t\t\t\t<\/a>\n\t\t\t\t\t\t\t\t\t<\/li>\n\t\t\t\t\t\t\t\t<li class=\"elementor-icon-list-item elementor-inline-item\">\n\t\t\t\t\t\t\t\t\t\t\t<a href=\"https:\/\/www.youtube.com\/channel\/UClPETJwTMY5MjhzmgJTlRJg\">\n\n\t\t\t\t\t\t\t\t\t\t\t\t<span class=\"elementor-icon-list-icon\">\n\t\t\t\t\t\t\t<i aria-hidden=\"true\" class=\"fab fa-youtube\"><\/i>\t\t\t\t\t\t<\/span>\n\t\t\t\t\t\t\t\t\t\t<span class=\"elementor-icon-list-text\"><\/span>\n\t\t\t\t\t\t\t\t\t\t\t<\/a>\n\t\t\t\t\t\t\t\t\t<\/li>\n\t\t\t\t\t\t<\/ul>\n\t\t\t\t\t\t<\/div>\n\t\t\t\t<\/div>\n\t\t\t\t<div class=\"elementor-element elementor-element-6b32fe3 elementor-widget elementor-widget-heading\" data-id=\"6b32fe3\" data-element_type=\"widget\" data-widget_type=\"heading.default\">\n\t\t\t\t<div class=\"elementor-widget-container\">\n\t\t\t\t\t<h2 class=\"elementor-heading-title elementor-size-default\"><b>Condividi l'articolo<\/b><\/h2>\t\t\t\t<\/div>\n\t\t\t\t<\/div>\n\t\t\t\t<div class=\"elementor-element elementor-element-e442f9d elementor-share-buttons--view-icon-text elementor-share-buttons--skin-gradient elementor-share-buttons--shape-square elementor-grid-0 elementor-share-buttons--color-official elementor-widget elementor-widget-share-buttons\" data-id=\"e442f9d\" data-element_type=\"widget\" data-widget_type=\"share-buttons.default\">\n\t\t\t\t<div class=\"elementor-widget-container\">\n\t\t\t\t\t\t\t<div class=\"elementor-grid\" role=\"list\">\n\t\t\t\t\t\t\t\t<div class=\"elementor-grid-item\" role=\"listitem\">\n\t\t\t\t\t\t<div class=\"elementor-share-btn elementor-share-btn_facebook\" role=\"button\" tabindex=\"0\" aria-label=\"Share on facebook\">\n\t\t\t\t\t\t\t\t\t\t\t\t\t\t\t<span class=\"elementor-share-btn__icon\">\n\t\t\t\t\t\t\t\t<i class=\"fab fa-facebook\" aria-hidden=\"true\"><\/i>\t\t\t\t\t\t\t<\/span>\n\t\t\t\t\t\t\t\t\t\t\t\t\t\t\t\t\t\t\t\t\t\t<div class=\"elementor-share-btn__text\">\n\t\t\t\t\t\t\t\t\t\t\t\t\t\t\t\t\t\t\t<span class=\"elementor-share-btn__title\">\n\t\t\t\t\t\t\t\t\t\tFacebook\t\t\t\t\t\t\t\t\t<\/span>\n\t\t\t\t\t\t\t\t\t\t\t\t\t\t\t\t\t<\/div>\n\t\t\t\t\t\t\t\t\t\t\t\t\t<\/div>\n\t\t\t\t\t<\/div>\n\t\t\t\t\t\t\t\t\t<div class=\"elementor-grid-item\" role=\"listitem\">\n\t\t\t\t\t\t<div class=\"elementor-share-btn elementor-share-btn_linkedin\" role=\"button\" tabindex=\"0\" aria-label=\"Share on linkedin\">\n\t\t\t\t\t\t\t\t\t\t\t\t\t\t\t<span class=\"elementor-share-btn__icon\">\n\t\t\t\t\t\t\t\t<i class=\"fab fa-linkedin\" aria-hidden=\"true\"><\/i>\t\t\t\t\t\t\t<\/span>\n\t\t\t\t\t\t\t\t\t\t\t\t\t\t\t\t\t\t\t\t\t\t<div class=\"elementor-share-btn__text\">\n\t\t\t\t\t\t\t\t\t\t\t\t\t\t\t\t\t\t\t<span class=\"elementor-share-btn__title\">\n\t\t\t\t\t\t\t\t\t\tLinkedIn\t\t\t\t\t\t\t\t\t<\/span>\n\t\t\t\t\t\t\t\t\t\t\t\t\t\t\t\t\t<\/div>\n\t\t\t\t\t\t\t\t\t\t\t\t\t<\/div>\n\t\t\t\t\t<\/div>\n\t\t\t\t\t\t<\/div>\n\t\t\t\t\t\t<\/div>\n\t\t\t\t<\/div>\n\t\t\t\t\t<\/div>\n\t\t<\/div>\n\t\t\t\t<div class=\"elementor-column elementor-col-50 elementor-inner-column elementor-element elementor-element-453f3b9\" data-id=\"453f3b9\" data-element_type=\"column\" data-settings=\"{&quot;background_background&quot;:&quot;classic&quot;}\">\n\t\t\t<div class=\"elementor-widget-wrap elementor-element-populated\">\n\t\t\t\t\t\t<div class=\"elementor-element elementor-element-aa25d61 elementor-widget elementor-widget-theme-post-featured-image elementor-widget-image\" data-id=\"aa25d61\" data-element_type=\"widget\" data-widget_type=\"theme-post-featured-image.default\">\n\t\t\t\t<div class=\"elementor-widget-container\">\n\t\t\t\t\t\t\t\t\t\t\t\t\t\t\t<img decoding=\"async\" width=\"1200\" height=\"800\" src=\"https:\/\/easyfairsassets.com\/sites\/60\/2025\/12\/E5A8519.jpg\" class=\"attachment-full size-full wp-image-230686\" alt=\"\" srcset=\"https:\/\/easyfairsassets.com\/sites\/60\/2025\/12\/E5A8519.jpg 1200w, https:\/\/easyfairsassets.com\/sites\/60\/2025\/12\/E5A8519-300x200.jpg 300w, https:\/\/easyfairsassets.com\/sites\/60\/2025\/12\/E5A8519-768x512.jpg 768w\" sizes=\"(max-width: 1200px) 100vw, 1200px\" \/>\t\t\t\t\t\t\t\t\t\t\t\t\t\t\t<\/div>\n\t\t\t\t<\/div>\n\t\t\t\t<div class=\"elementor-element elementor-element-a044569 elementor-hidden-desktop elementor-hidden-tablet elementor-hidden-mobile elementor-widget elementor-widget-theme-post-featured-image elementor-widget-image\" data-id=\"a044569\" data-element_type=\"widget\" data-widget_type=\"theme-post-featured-image.default\">\n\t\t\t\t<div class=\"elementor-widget-container\">\n\t\t\t\t\t\t\t\t\t\t\t\t\t\t\t<img loading=\"lazy\" decoding=\"async\" width=\"800\" height=\"533\" src=\"https:\/\/easyfairsassets.com\/sites\/60\/2025\/12\/E5A8519.jpg\" class=\"attachment-large size-large wp-image-230686\" alt=\"\" srcset=\"https:\/\/easyfairsassets.com\/sites\/60\/2025\/12\/E5A8519.jpg 1200w, https:\/\/easyfairsassets.com\/sites\/60\/2025\/12\/E5A8519-300x200.jpg 300w, https:\/\/easyfairsassets.com\/sites\/60\/2025\/12\/E5A8519-768x512.jpg 768w\" sizes=\"(max-width: 800px) 100vw, 800px\" \/>\t\t\t\t\t\t\t\t\t\t\t\t\t\t\t<\/div>\n\t\t\t\t<\/div>\n\t\t\t\t<div class=\"elementor-element elementor-element-96d9233 elementor-hidden-desktop elementor-hidden-tablet elementor-hidden-mobile elementor-widget elementor-widget-text-editor\" data-id=\"96d9233\" data-element_type=\"widget\" data-widget_type=\"text-editor.default\">\n\t\t\t\t<div class=\"elementor-widget-container\">\n\t\t\t\t\t\t\t\t\t<p>Lorem ipsum dolor sit amet, consectetur adipiscing elit Lorem ipsum dolor sit amet, consectetur adipiscing elit<\/p>\t\t\t\t\t\t\t\t<\/div>\n\t\t\t\t<\/div>\n\t\t\t\t<div class=\"elementor-element elementor-element-f3afd38 elementor-widget elementor-widget-spacer\" data-id=\"f3afd38\" data-element_type=\"widget\" data-widget_type=\"spacer.default\">\n\t\t\t\t<div class=\"elementor-widget-container\">\n\t\t\t\t\t\t\t<div class=\"elementor-spacer\">\n\t\t\t<div class=\"elementor-spacer-inner\"><\/div>\n\t\t<\/div>\n\t\t\t\t\t\t<\/div>\n\t\t\t\t<\/div>\n\t\t\t\t<div class=\"elementor-element elementor-element-23c76e8 elementor-widget elementor-widget-heading\" data-id=\"23c76e8\" data-element_type=\"widget\" data-widget_type=\"heading.default\">\n\t\t\t\t<div class=\"elementor-widget-container\">\n\t\t\t\t\t<h2 class=\"elementor-heading-title elementor-size-default\">Le ultime news da Packaging Premi\u00e8re e PCD Milan<\/h2>\t\t\t\t<\/div>\n\t\t\t\t<\/div>\n\t\t\t\t<div class=\"elementor-element elementor-element-ebc895c elementor-align-justify elementor-widget elementor-widget-dynamic-button\" data-id=\"ebc895c\" data-element_type=\"widget\" data-settings=\"{&quot;_animation&quot;:&quot;none&quot;}\" data-widget_type=\"dynamic-button.default\">\n\t\t\t\t<div class=\"elementor-widget-container\">\n\t\t\t\t\t        <div class=\"elementor-button-wrapper\">\n            <a href=\"https:\/\/www.packagingpremiere.it\/it\/iscriviti-alla-newsletter\/\" class=\"elementor-button-link elementor-button elementor-size-sm elementor-animation-grow\" role=\"button\">\n                        <span class=\"elementor-button-content-wrapper\">\n\t\t\t                <span class=\"elementor-button-icon elementor-align-icon-right\">\n\t\t\t\t<i aria-hidden=\"true\" class=\"fas fa-angle-right\"><\/i>\t\t\t<\/span>\n            \t\t\t<span class=\"elementor-button-text\">Iscriviti alla newsletter<\/span>\n\t\t<\/span>\n                    <\/a>\n        <\/div>\n        \t\t\t\t<\/div>\n\t\t\t\t<\/div>\n\t\t\t\t\t<\/div>\n\t\t<\/div>\n\t\t\t\t\t<\/div>\n\t\t<\/section>\n\t\t\t\t<div class=\"elementor-element elementor-element-e6c84c0 elementor-widget-divider--view-line elementor-widget elementor-widget-divider\" data-id=\"e6c84c0\" data-element_type=\"widget\" data-widget_type=\"divider.default\">\n\t\t\t\t<div class=\"elementor-widget-container\">\n\t\t\t\t\t\t\t<div class=\"elementor-divider\">\n\t\t\t<span class=\"elementor-divider-separator\">\n\t\t\t\t\t\t<\/span>\n\t\t<\/div>\n\t\t\t\t\t\t<\/div>\n\t\t\t\t<\/div>\n\t\t\t\t<div class=\"elementor-element elementor-element-df0ab80 elementor-widget elementor-widget-spacer\" data-id=\"df0ab80\" data-element_type=\"widget\" data-widget_type=\"spacer.default\">\n\t\t\t\t<div class=\"elementor-widget-container\">\n\t\t\t\t\t\t\t<div class=\"elementor-spacer\">\n\t\t\t<div class=\"elementor-spacer-inner\"><\/div>\n\t\t<\/div>\n\t\t\t\t\t\t<\/div>\n\t\t\t\t<\/div>\n\t\t\t\t\t<\/div>\n\t\t<\/div>\n\t\t\t\t\t<\/div>\n\t\t<\/section>\n\t\t\t\t<section class=\"elementor-section elementor-top-section elementor-element elementor-element-0bdcb8b elementor-section-full_width elementor-section-height-default elementor-section-height-default\" data-id=\"0bdcb8b\" data-element_type=\"section\" data-settings=\"{&quot;background_background&quot;:&quot;classic&quot;}\">\n\t\t\t\t\t\t<div class=\"elementor-container elementor-column-gap-custom\">\n\t\t\t\t\t<div class=\"elementor-column elementor-col-100 elementor-top-column elementor-element elementor-element-4946b40\" data-id=\"4946b40\" data-element_type=\"column\">\n\t\t\t<div class=\"elementor-widget-wrap\">\n\t\t\t\t\t\t\t<\/div>\n\t\t<\/div>\n\t\t\t\t\t<\/div>\n\t\t<\/section>\n\t\t\t\t<\/div>\n\t\t","protected":false},"excerpt":{"rendered":"<p class=\"MsoNormal\"><span style=\"font-family: 'Segoe UI',sans-serif;\">Invitiamo designer, digital artist, grafici e illustratori ad inviare le proprie candidature per l\u2019Art Gallery di Packaging Premi\u00e8re Milan, lo spazio di sperimentazione artistica dell\u2019evento.<\/span><\/p>\n","protected":false},"author":174,"featured_media":230686,"comment_status":"open","ping_status":"open","sticky":false,"template":"","format":"standard","meta":{"_seopress_robots_primary_cat":"none","_seopress_titles_title":"Call for Artist! \u2013 Art Gallery 2026 di Packaging Premi\u00e8re Milan","_seopress_titles_desc":"Invitiamo designer, digital artist, grafici e illustratori ad inviare le proprie candidature per l\u2019Art Gallery di Packaging Premi\u00e8re Milan, lo spazio di sperimentazione artistica dell\u2019evento.","_seopress_robots_index":"","footnotes":""},"categories":[352,1,349],"tags":[],"edition":[659],"class_list":["post-230681","post","type-post","status-publish","format-standard","has-post-thumbnail","hentry","category-art-gallery","category-non-categorizzato","category-top-news","edition-packaging-premiere-pcd-milan-2024"],"_links":{"self":[{"href":"https:\/\/www.packagingpremiere.it\/it\/wp-json\/wp\/v2\/posts\/230681","targetHints":{"allow":["GET"]}}],"collection":[{"href":"https:\/\/www.packagingpremiere.it\/it\/wp-json\/wp\/v2\/posts"}],"about":[{"href":"https:\/\/www.packagingpremiere.it\/it\/wp-json\/wp\/v2\/types\/post"}],"author":[{"embeddable":true,"href":"https:\/\/www.packagingpremiere.it\/it\/wp-json\/wp\/v2\/users\/174"}],"replies":[{"embeddable":true,"href":"https:\/\/www.packagingpremiere.it\/it\/wp-json\/wp\/v2\/comments?post=230681"}],"version-history":[{"count":5,"href":"https:\/\/www.packagingpremiere.it\/it\/wp-json\/wp\/v2\/posts\/230681\/revisions"}],"predecessor-version":[{"id":233128,"href":"https:\/\/www.packagingpremiere.it\/it\/wp-json\/wp\/v2\/posts\/230681\/revisions\/233128"}],"wp:featuredmedia":[{"embeddable":true,"href":"https:\/\/www.packagingpremiere.it\/it\/wp-json\/wp\/v2\/media\/230686"}],"wp:attachment":[{"href":"https:\/\/www.packagingpremiere.it\/it\/wp-json\/wp\/v2\/media?parent=230681"}],"wp:term":[{"taxonomy":"category","embeddable":true,"href":"https:\/\/www.packagingpremiere.it\/it\/wp-json\/wp\/v2\/categories?post=230681"},{"taxonomy":"post_tag","embeddable":true,"href":"https:\/\/www.packagingpremiere.it\/it\/wp-json\/wp\/v2\/tags?post=230681"},{"taxonomy":"edition","embeddable":true,"href":"https:\/\/www.packagingpremiere.it\/it\/wp-json\/wp\/v2\/edition?post=230681"}],"curies":[{"name":"wp","href":"https:\/\/api.w.org\/{rel}","templated":true}]}}