{"id":222011,"date":"2025-04-28T10:18:09","date_gmt":"2025-04-28T08:18:09","guid":{"rendered":"https:\/\/www.packagingpremiere.it\/?p=222011"},"modified":"2026-03-31T17:00:18","modified_gmt":"2026-03-31T15:00:18","slug":"eurographic","status":"publish","type":"post","link":"https:\/\/www.packagingpremiere.it\/it\/gift\/eurographic\/","title":{"rendered":"Eurographic"},"content":{"rendered":"\n<p>Stampa e nobilitazione della cover del vinile Paper Tracks<\/p>\n","protected":false},"excerpt":{"rendered":"<p>Stampa e nobilitazione della cover del vinile Paper Tracks<\/p>\n","protected":false},"author":174,"featured_media":234779,"comment_status":"closed","ping_status":"closed","sticky":false,"template":"","format":"standard","meta":{"_seopress_robots_primary_cat":"none","_seopress_titles_title":"Eurographic \u00e8 partner dell'evento %%sep%% %%sitetitle%%","_seopress_titles_desc":"Eurographic \u00e8 partner di Packaging Premi\u00e8re & PCD Milan","_seopress_robots_index":"","footnotes":""},"categories":[840],"tags":[],"edition":[],"class_list":["post-222011","post","type-post","status-publish","format-standard","has-post-thumbnail","hentry","category-gift"],"_links":{"self":[{"href":"https:\/\/www.packagingpremiere.it\/it\/wp-json\/wp\/v2\/posts\/222011","targetHints":{"allow":["GET"]}}],"collection":[{"href":"https:\/\/www.packagingpremiere.it\/it\/wp-json\/wp\/v2\/posts"}],"about":[{"href":"https:\/\/www.packagingpremiere.it\/it\/wp-json\/wp\/v2\/types\/post"}],"author":[{"embeddable":true,"href":"https:\/\/www.packagingpremiere.it\/it\/wp-json\/wp\/v2\/users\/174"}],"replies":[{"embeddable":true,"href":"https:\/\/www.packagingpremiere.it\/it\/wp-json\/wp\/v2\/comments?post=222011"}],"version-history":[{"count":3,"href":"https:\/\/www.packagingpremiere.it\/it\/wp-json\/wp\/v2\/posts\/222011\/revisions"}],"predecessor-version":[{"id":233936,"href":"https:\/\/www.packagingpremiere.it\/it\/wp-json\/wp\/v2\/posts\/222011\/revisions\/233936"}],"wp:featuredmedia":[{"embeddable":true,"href":"https:\/\/www.packagingpremiere.it\/it\/wp-json\/wp\/v2\/media\/234779"}],"wp:attachment":[{"href":"https:\/\/www.packagingpremiere.it\/it\/wp-json\/wp\/v2\/media?parent=222011"}],"wp:term":[{"taxonomy":"category","embeddable":true,"href":"https:\/\/www.packagingpremiere.it\/it\/wp-json\/wp\/v2\/categories?post=222011"},{"taxonomy":"post_tag","embeddable":true,"href":"https:\/\/www.packagingpremiere.it\/it\/wp-json\/wp\/v2\/tags?post=222011"},{"taxonomy":"edition","embeddable":true,"href":"https:\/\/www.packagingpremiere.it\/it\/wp-json\/wp\/v2\/edition?post=222011"}],"curies":[{"name":"wp","href":"https:\/\/api.w.org\/{rel}","templated":true}]}}