{"id":155575,"date":"2024-11-04T12:56:26","date_gmt":"2024-11-04T11:56:26","guid":{"rendered":"https:\/\/www.packagingpremiere.it\/?p=155575"},"modified":"2024-11-04T12:59:38","modified_gmt":"2024-11-04T11:59:38","slug":"packaging-premiere-pcd-milan-2025-tra-natura-design-e-immaginazione-aumentata","status":"publish","type":"post","link":"https:\/\/www.packagingpremiere.it\/it\/non-categorizzato\/packaging-premiere-pcd-milan-2025-tra-natura-design-e-immaginazione-aumentata\/","title":{"rendered":"Packaging Premi\u00e8re &amp; PCD Milan 2025: tra natura, design e immaginazione (aumentata)"},"content":{"rendered":"\t\t<div data-elementor-type=\"wp-post\" data-elementor-id=\"155575\" class=\"elementor elementor-155575\" data-elementor-post-type=\"post\">\n\t\t\t\t\t\t<section class=\"elementor-section elementor-top-section elementor-element elementor-element-35694cc elementor-section-full_width elementor-section-height-default elementor-section-height-default\" data-id=\"35694cc\" data-element_type=\"section\" data-settings=\"{&quot;background_background&quot;:&quot;classic&quot;}\">\n\t\t\t\t\t\t<div class=\"elementor-container elementor-column-gap-custom\">\n\t\t\t\t\t<div class=\"elementor-column elementor-col-100 elementor-top-column elementor-element elementor-element-8c7069f\" data-id=\"8c7069f\" data-element_type=\"column\" data-settings=\"{&quot;background_background&quot;:&quot;classic&quot;}\">\n\t\t\t<div class=\"elementor-widget-wrap elementor-element-populated\">\n\t\t\t\t\t\t<div class=\"elementor-element elementor-element-61b907b elementor-widget elementor-widget-theme-post-title elementor-page-title elementor-widget-heading\" data-id=\"61b907b\" data-element_type=\"widget\" data-widget_type=\"theme-post-title.default\">\n\t\t\t\t<div class=\"elementor-widget-container\">\n\t\t\t\t\t<h1 class=\"elementor-heading-title elementor-size-default\">Packaging Premi\u00e8re &amp; PCD Milan 2025: tra natura, design e immaginazione (aumentata)<\/h1>\t\t\t\t<\/div>\n\t\t\t\t<\/div>\n\t\t\t\t<section class=\"elementor-section elementor-inner-section elementor-element elementor-element-9b04e1b elementor-section-full_width elementor-section-height-default elementor-section-height-default\" data-id=\"9b04e1b\" data-element_type=\"section\">\n\t\t\t\t\t\t<div class=\"elementor-container elementor-column-gap-default\">\n\t\t\t\t\t<div class=\"elementor-column elementor-col-50 elementor-inner-column elementor-element elementor-element-b9d35cd\" data-id=\"b9d35cd\" data-element_type=\"column\" data-settings=\"{&quot;background_background&quot;:&quot;classic&quot;}\">\n\t\t\t<div class=\"elementor-widget-wrap elementor-element-populated\">\n\t\t\t\t\t\t<div class=\"elementor-element elementor-element-d218a3e elementor-widget elementor-widget-post-info\" data-id=\"d218a3e\" data-element_type=\"widget\" data-widget_type=\"post-info.default\">\n\t\t\t\t<div class=\"elementor-widget-container\">\n\t\t\t\t\t\t\t<ul class=\"elementor-inline-items elementor-icon-list-items elementor-post-info\">\n\t\t\t\t\t\t\t\t<li class=\"elementor-icon-list-item elementor-repeater-item-24b06d9 elementor-inline-item\" itemprop=\"datePublished\">\n\t\t\t\t\t\t<a href=\"https:\/\/www.packagingpremiere.it\/it\/2024\/11\/04\/\">\n\t\t\t\t\t\t\t\t\t\t\t\t\t\t<span class=\"elementor-icon-list-text elementor-post-info__item elementor-post-info__item--type-date\">\n\t\t\t\t\t\t\t\t\t\t<time>Novembre 4, 2024<\/time>\t\t\t\t\t<\/span>\n\t\t\t\t\t\t\t\t\t<\/a>\n\t\t\t\t<\/li>\n\t\t\t\t<\/ul>\n\t\t\t\t\t\t<\/div>\n\t\t\t\t<\/div>\n\t\t\t\t<div class=\"elementor-element elementor-element-0a0088c elementor-widget elementor-widget-text-editor\" data-id=\"0a0088c\" data-element_type=\"widget\" data-widget_type=\"text-editor.default\">\n\t\t\t\t<div class=\"elementor-widget-container\">\n\t\t\t\t\t\t\t\t\t<p>Dal <strong>13 al 15 maggio 2025<\/strong> torna <strong>Packaging Premi\u00e8re &amp; PCD Milan<\/strong>, l\u2019appuntamento di riferimento per il packaging deluxe. Questa edizione offrir\u00e0 nuove prospettive e ispirazioni, guidata dalla visione artistica di <strong>Andrea Filippi e Gabriele Moschin<\/strong>, esperti nell&#8217;integrazione dell&#8217;Intelligenza Artificiale nelle loro opere<\/p>\t\t\t\t\t\t\t\t<\/div>\n\t\t\t\t<\/div>\n\t\t\t\t<div class=\"elementor-element elementor-element-23b47b3 elementor-widget elementor-widget-text-editor\" data-id=\"23b47b3\" data-element_type=\"widget\" data-widget_type=\"text-editor.default\">\n\t\t\t\t<div class=\"elementor-widget-container\">\n\t\t\t\t\t\t\t\t\t<div class=\"flex-shrink-0 flex flex-col relative items-end\"><div class=\"pt-0\"><div class=\"gizmo-bot-avatar flex h-8 w-8 items-center justify-center overflow-hidden rounded-full\"><div class=\"relative p-1 rounded-sm flex items-center justify-center bg-token-main-surface-primary text-token-text-primary h-8 w-8\"><div class=\"flex max-w-full flex-col flex-grow\"><div class=\"min-h-[20px] text-message flex w-full flex-col items-end gap-2 whitespace-normal break-words [.text-message+&amp;]:mt-5\" dir=\"auto\" data-message-author-role=\"assistant\" data-message-id=\"abdfd3af-5bbd-457c-991b-ec53f95ec4a5\"><div class=\"flex w-full flex-col gap-1 empty:hidden first:pt-[3px]\"><div class=\"markdown prose w-full break-words dark:prose-invert light\"><p>Dopo aver sfidato il design del futuro attraverso intelligenza artificiale e immaginazione con il progetto <strong>Paper Posh<\/strong>, presentato nel 2024 a Packaging Premi\u00e8re &amp; PCD Milan, Andrea Filippi e Gabriele Moschin ora svelano una visione pi\u00f9 profonda con \u201c<strong>From AI to <em>AI<\/em>, dall\u2019Intelligenza Artificiale all\u2019Immaginazione Aumentata\u201d. <\/strong><\/p><p>L&#8217;Immaginazione Aumentata, concepita dai due artisti, rappresenta un approccio innovativo che supera le classiche applicazioni dell&#8217;intelligenza artificiale nel mondo dell&#8217;arte e del design. Il passaggio dall&#8217;Artificial Intelligence all&#8217;Augmented Imagination costituisce un vero <strong>cambio di paradigma<\/strong>, con particolare impatto nei settori del lusso, del packaging, del design e della moda. Mentre l\u2019AI ha migliorato la nostra capacit\u00e0 di ottimizzare e automatizzare, l&#8217;Immaginazione Aumentata introduce una dimensione in cui <strong>la tecnologia avanzata si fonde con la creativit\u00e0.<\/strong><\/p><\/div><\/div><\/div><\/div><\/div><\/div><\/div><\/div>\t\t\t\t\t\t\t\t<\/div>\n\t\t\t\t<\/div>\n\t\t\t\t<div class=\"elementor-element elementor-element-ff2e5e2 elementor-widget elementor-widget-image\" data-id=\"ff2e5e2\" data-element_type=\"widget\" data-widget_type=\"image.default\">\n\t\t\t\t<div class=\"elementor-widget-container\">\n\t\t\t\t\t\t\t\t\t\t\t\t\t\t\t<img fetchpriority=\"high\" decoding=\"async\" width=\"800\" height=\"566\" src=\"https:\/\/easyfairsassets.com\/sites\/60\/2024\/11\/FM_25-PP-Shopping-Bag-1.jpg\" class=\"attachment-large size-large wp-image-155584\" alt=\"\" srcset=\"https:\/\/easyfairsassets.com\/sites\/60\/2024\/11\/FM_25-PP-Shopping-Bag-1.jpg 1200w, https:\/\/easyfairsassets.com\/sites\/60\/2024\/11\/FM_25-PP-Shopping-Bag-1-300x212.jpg 300w, https:\/\/easyfairsassets.com\/sites\/60\/2024\/11\/FM_25-PP-Shopping-Bag-1-768x543.jpg 768w\" sizes=\"(max-width: 800px) 100vw, 800px\" \/>\t\t\t\t\t\t\t\t\t\t\t\t\t\t\t<\/div>\n\t\t\t\t<\/div>\n\t\t\t\t<div class=\"elementor-element elementor-element-8ed6a97 elementor-widget elementor-widget-text-editor\" data-id=\"8ed6a97\" data-element_type=\"widget\" data-widget_type=\"text-editor.default\">\n\t\t\t\t<div class=\"elementor-widget-container\">\n\t\t\t\t\t\t\t\t\t<p>La storia del design di domani prende forma a Packaging Premi\u00e8re &amp; PCD Milano 2025, dove<strong> natura, intelligenza e futuro si uniscono<\/strong>. Nel packaging, la profondit\u00e0 \u00e8 sulla superficie: la natura \u00e8 ovunque e richiama temi di sostenibilit\u00e0, ricerca e sviluppo di materiali sempre pi\u00f9 eco-friendly; l\u2019intelligenza \u00e8 lo strumento che spinge verso l\u2019immaginazione. Questo progresso abbraccia ogni settore, dal packaging alla cartotecnica, fino alle tecniche di stampa, proiettando un futuro di trasparenza estrema e rivelando il cuore di ogni confezione.<\/p><p>Lara Castagna, Head of Event Packaging Premi\u00e8re &amp; PCD Milan, ha commentato: \u201cL&#8217;immaginazione aumentata nel packaging \u00e8 l&#8217;arte di trasportare il consumatore oltre l&#8217;oggetto fisico, aggiungendo uno strato di esperienze sensoriali e narrative. Non \u00e8 solo una questione di estetica, ma di creare un legame emozionale, dove il packaging diventa il primo capitolo di una storia che continua con il brand e il consumatore. \u00c8 un invito a esplorare, a interagire e a sognare, trasformando la confezione in una porta verso nuovi mondi, dove immaginazione e realt\u00e0 si fondono in una dimensione amplificata&#8221;.<\/p>\t\t\t\t\t\t\t\t<\/div>\n\t\t\t\t<\/div>\n\t\t\t\t<div class=\"elementor-element elementor-element-2f5e056 elementor-align-justify elementor-hidden-desktop elementor-hidden-tablet elementor-hidden-mobile elementor-widget elementor-widget-dynamic-button\" data-id=\"2f5e056\" data-element_type=\"widget\" data-settings=\"{&quot;_animation&quot;:&quot;none&quot;}\" data-widget_type=\"dynamic-button.default\">\n\t\t\t\t<div class=\"elementor-widget-container\">\n\t\t\t\t\t        <div class=\"elementor-button-wrapper\">\n            <a href=\"https:\/\/www.excellencemagazine.luxury\/elie-saab-unveils-the-new-fragrance-elixir-love\/?utm_source=mailpoet&#038;utm_medium=email&#038;utm_source_platform=mailpoet&#038;utm_campaign=excellence-magazine-your-weekly-newsletter-and-inspiration-13\" class=\"elementor-button-link elementor-button elementor-size-sm elementor-animation-grow\" role=\"button\">\n                        <span class=\"elementor-button-content-wrapper\">\n\t\t\t                <span class=\"elementor-button-icon elementor-align-icon-right\">\n\t\t\t\t<i aria-hidden=\"true\" class=\"fas fa-angle-right\"><\/i>\t\t\t<\/span>\n            \t\t\t<span class=\"elementor-button-text\">LEGGI L'ARTICOLO COMPLETO<\/span>\n\t\t<\/span>\n                    <\/a>\n        <\/div>\n        \t\t\t\t<\/div>\n\t\t\t\t<\/div>\n\t\t\t\t<div class=\"elementor-element elementor-element-88b71a2 elementor-hidden-desktop elementor-hidden-tablet elementor-hidden-mobile elementor-widget elementor-widget-text-editor\" data-id=\"88b71a2\" data-element_type=\"widget\" data-widget_type=\"text-editor.default\">\n\t\t\t\t<div class=\"elementor-widget-container\">\n\t\t\t\t\t\t\t\t\t<p><em>Fonte: <a href=\"https:\/\/www.excellencemagazine.luxury\/elie-saab-unveils-the-new-fragrance-elixir-love\/?utm_source=mailpoet&amp;utm_medium=email&amp;utm_source_platform=mailpoet&amp;utm_campaign=excellence-magazine-your-weekly-newsletter-and-inspiration-13\">Excellence Magazine<\/a><\/em><\/p>\t\t\t\t\t\t\t\t<\/div>\n\t\t\t\t<\/div>\n\t\t\t\t<div class=\"elementor-element elementor-element-980c92a elementor-align-justify elementor-hidden-desktop elementor-hidden-tablet elementor-hidden-mobile elementor-widget elementor-widget-dynamic-button\" data-id=\"980c92a\" data-element_type=\"widget\" data-settings=\"{&quot;_animation&quot;:&quot;none&quot;}\" data-widget_type=\"dynamic-button.default\">\n\t\t\t\t<div class=\"elementor-widget-container\">\n\t\t\t\t\t        <div class=\"elementor-button-wrapper\">\n            <a href=\"https:\/\/register.visitcloud.com\/survey\/1mmj76cco8jmb\/start?translation=2osctdwd2hreg\" target=\"_blank\" class=\"elementor-button-link elementor-button elementor-size-sm elementor-animation-grow\" role=\"button\">\n                        <span class=\"elementor-button-content-wrapper\">\n\t\t\t                <span class=\"elementor-button-icon elementor-align-icon-right\">\n\t\t\t\t<i aria-hidden=\"true\" class=\"fas fa-angle-right\"><\/i>\t\t\t<\/span>\n            \t\t\t<span class=\"elementor-button-text\">REGISTRATI ORA!<\/span>\n\t\t<\/span>\n                    <\/a>\n        <\/div>\n        \t\t\t\t<\/div>\n\t\t\t\t<\/div>\n\t\t\t\t<div class=\"elementor-element elementor-element-62ea236 elementor-icon-list--layout-inline elementor-align-center elementor-tablet-align-center elementor-list-item-link-full_width elementor-widget elementor-widget-icon-list\" data-id=\"62ea236\" data-element_type=\"widget\" data-widget_type=\"icon-list.default\">\n\t\t\t\t<div class=\"elementor-widget-container\">\n\t\t\t\t\t\t\t<ul class=\"elementor-icon-list-items elementor-inline-items\">\n\t\t\t\t\t\t\t<li class=\"elementor-icon-list-item elementor-inline-item\">\n\t\t\t\t\t\t\t\t\t\t\t<a href=\"https:\/\/www.facebook.com\/packagingpremiere\/\">\n\n\t\t\t\t\t\t\t\t\t\t\t\t<span class=\"elementor-icon-list-icon\">\n\t\t\t\t\t\t\t<i aria-hidden=\"true\" class=\"fab fa-facebook-f\"><\/i>\t\t\t\t\t\t<\/span>\n\t\t\t\t\t\t\t\t\t\t<span class=\"elementor-icon-list-text\"><\/span>\n\t\t\t\t\t\t\t\t\t\t\t<\/a>\n\t\t\t\t\t\t\t\t\t<\/li>\n\t\t\t\t\t\t\t\t<li class=\"elementor-icon-list-item elementor-inline-item\">\n\t\t\t\t\t\t\t\t\t\t\t<a href=\"https:\/\/www.instagram.com\/packagingpremiere\/\">\n\n\t\t\t\t\t\t\t\t\t\t\t\t<span class=\"elementor-icon-list-icon\">\n\t\t\t\t\t\t\t<i aria-hidden=\"true\" class=\"fab fa-instagram\"><\/i>\t\t\t\t\t\t<\/span>\n\t\t\t\t\t\t\t\t\t\t<span class=\"elementor-icon-list-text\"><\/span>\n\t\t\t\t\t\t\t\t\t\t\t<\/a>\n\t\t\t\t\t\t\t\t\t<\/li>\n\t\t\t\t\t\t\t\t<li class=\"elementor-icon-list-item elementor-inline-item\">\n\t\t\t\t\t\t\t\t\t\t\t<a href=\"https:\/\/www.linkedin.com\/company\/packaging-premi%C3%A8re\/\">\n\n\t\t\t\t\t\t\t\t\t\t\t\t<span class=\"elementor-icon-list-icon\">\n\t\t\t\t\t\t\t<i aria-hidden=\"true\" class=\"fab fa-linkedin\"><\/i>\t\t\t\t\t\t<\/span>\n\t\t\t\t\t\t\t\t\t\t<span class=\"elementor-icon-list-text\"><\/span>\n\t\t\t\t\t\t\t\t\t\t\t<\/a>\n\t\t\t\t\t\t\t\t\t<\/li>\n\t\t\t\t\t\t\t\t<li class=\"elementor-icon-list-item elementor-inline-item\">\n\t\t\t\t\t\t\t\t\t\t\t<a href=\"https:\/\/www.youtube.com\/channel\/UClPETJwTMY5MjhzmgJTlRJg\">\n\n\t\t\t\t\t\t\t\t\t\t\t\t<span class=\"elementor-icon-list-icon\">\n\t\t\t\t\t\t\t<i aria-hidden=\"true\" class=\"fab fa-youtube\"><\/i>\t\t\t\t\t\t<\/span>\n\t\t\t\t\t\t\t\t\t\t<span class=\"elementor-icon-list-text\"><\/span>\n\t\t\t\t\t\t\t\t\t\t\t<\/a>\n\t\t\t\t\t\t\t\t\t<\/li>\n\t\t\t\t\t\t<\/ul>\n\t\t\t\t\t\t<\/div>\n\t\t\t\t<\/div>\n\t\t\t\t<div class=\"elementor-element elementor-element-6b32fe3 elementor-widget elementor-widget-heading\" data-id=\"6b32fe3\" data-element_type=\"widget\" data-widget_type=\"heading.default\">\n\t\t\t\t<div class=\"elementor-widget-container\">\n\t\t\t\t\t<h2 class=\"elementor-heading-title elementor-size-default\"><b>Condividi l'articolo<\/b><\/h2>\t\t\t\t<\/div>\n\t\t\t\t<\/div>\n\t\t\t\t<div class=\"elementor-element elementor-element-e442f9d elementor-share-buttons--view-icon-text elementor-share-buttons--skin-gradient elementor-share-buttons--shape-square elementor-grid-0 elementor-share-buttons--color-official elementor-widget elementor-widget-share-buttons\" data-id=\"e442f9d\" data-element_type=\"widget\" data-widget_type=\"share-buttons.default\">\n\t\t\t\t<div class=\"elementor-widget-container\">\n\t\t\t\t\t\t\t<div class=\"elementor-grid\" role=\"list\">\n\t\t\t\t\t\t\t\t<div class=\"elementor-grid-item\" role=\"listitem\">\n\t\t\t\t\t\t<div class=\"elementor-share-btn elementor-share-btn_facebook\" role=\"button\" tabindex=\"0\" aria-label=\"Share on facebook\">\n\t\t\t\t\t\t\t\t\t\t\t\t\t\t\t<span class=\"elementor-share-btn__icon\">\n\t\t\t\t\t\t\t\t<i class=\"fab fa-facebook\" aria-hidden=\"true\"><\/i>\t\t\t\t\t\t\t<\/span>\n\t\t\t\t\t\t\t\t\t\t\t\t\t\t\t\t\t\t\t\t\t\t<div class=\"elementor-share-btn__text\">\n\t\t\t\t\t\t\t\t\t\t\t\t\t\t\t\t\t\t\t<span class=\"elementor-share-btn__title\">\n\t\t\t\t\t\t\t\t\t\tFacebook\t\t\t\t\t\t\t\t\t<\/span>\n\t\t\t\t\t\t\t\t\t\t\t\t\t\t\t\t\t<\/div>\n\t\t\t\t\t\t\t\t\t\t\t\t\t<\/div>\n\t\t\t\t\t<\/div>\n\t\t\t\t\t\t\t\t\t<div class=\"elementor-grid-item\" role=\"listitem\">\n\t\t\t\t\t\t<div class=\"elementor-share-btn elementor-share-btn_linkedin\" role=\"button\" tabindex=\"0\" aria-label=\"Share on linkedin\">\n\t\t\t\t\t\t\t\t\t\t\t\t\t\t\t<span class=\"elementor-share-btn__icon\">\n\t\t\t\t\t\t\t\t<i class=\"fab fa-linkedin\" aria-hidden=\"true\"><\/i>\t\t\t\t\t\t\t<\/span>\n\t\t\t\t\t\t\t\t\t\t\t\t\t\t\t\t\t\t\t\t\t\t<div class=\"elementor-share-btn__text\">\n\t\t\t\t\t\t\t\t\t\t\t\t\t\t\t\t\t\t\t<span class=\"elementor-share-btn__title\">\n\t\t\t\t\t\t\t\t\t\tLinkedIn\t\t\t\t\t\t\t\t\t<\/span>\n\t\t\t\t\t\t\t\t\t\t\t\t\t\t\t\t\t<\/div>\n\t\t\t\t\t\t\t\t\t\t\t\t\t<\/div>\n\t\t\t\t\t<\/div>\n\t\t\t\t\t\t<\/div>\n\t\t\t\t\t\t<\/div>\n\t\t\t\t<\/div>\n\t\t\t\t\t<\/div>\n\t\t<\/div>\n\t\t\t\t<div class=\"elementor-column elementor-col-50 elementor-inner-column elementor-element elementor-element-453f3b9\" data-id=\"453f3b9\" data-element_type=\"column\" data-settings=\"{&quot;background_background&quot;:&quot;classic&quot;}\">\n\t\t\t<div class=\"elementor-widget-wrap elementor-element-populated\">\n\t\t\t\t\t\t<div class=\"elementor-element elementor-element-aa25d61 elementor-widget elementor-widget-theme-post-featured-image elementor-widget-image\" data-id=\"aa25d61\" data-element_type=\"widget\" data-widget_type=\"theme-post-featured-image.default\">\n\t\t\t\t<div class=\"elementor-widget-container\">\n\t\t\t\t\t\t\t\t\t\t\t\t\t\t\t<img decoding=\"async\" width=\"1080\" height=\"1080\" src=\"https:\/\/easyfairsassets.com\/sites\/60\/2024\/11\/FM_25-PP-Shopping-Fiori-1080x1080-pxl.jpg\" class=\"attachment-full size-full wp-image-155580\" alt=\"\" srcset=\"https:\/\/easyfairsassets.com\/sites\/60\/2024\/11\/FM_25-PP-Shopping-Fiori-1080x1080-pxl.jpg 1080w, https:\/\/easyfairsassets.com\/sites\/60\/2024\/11\/FM_25-PP-Shopping-Fiori-1080x1080-pxl-300x300.jpg 300w, https:\/\/easyfairsassets.com\/sites\/60\/2024\/11\/FM_25-PP-Shopping-Fiori-1080x1080-pxl-1024x1024.jpg 1024w, https:\/\/easyfairsassets.com\/sites\/60\/2024\/11\/FM_25-PP-Shopping-Fiori-1080x1080-pxl-150x150.jpg 150w, https:\/\/easyfairsassets.com\/sites\/60\/2024\/11\/FM_25-PP-Shopping-Fiori-1080x1080-pxl-768x768.jpg 768w\" sizes=\"(max-width: 1080px) 100vw, 1080px\" \/>\t\t\t\t\t\t\t\t\t\t\t\t\t\t\t<\/div>\n\t\t\t\t<\/div>\n\t\t\t\t<div class=\"elementor-element elementor-element-a044569 elementor-hidden-desktop elementor-hidden-tablet elementor-hidden-mobile elementor-widget elementor-widget-theme-post-featured-image elementor-widget-image\" data-id=\"a044569\" data-element_type=\"widget\" data-widget_type=\"theme-post-featured-image.default\">\n\t\t\t\t<div class=\"elementor-widget-container\">\n\t\t\t\t\t\t\t\t\t\t\t\t\t\t\t<img decoding=\"async\" width=\"800\" height=\"800\" src=\"https:\/\/easyfairsassets.com\/sites\/60\/2024\/11\/FM_25-PP-Shopping-Fiori-1080x1080-pxl-1024x1024.jpg\" class=\"attachment-large size-large wp-image-155580\" alt=\"\" srcset=\"https:\/\/easyfairsassets.com\/sites\/60\/2024\/11\/FM_25-PP-Shopping-Fiori-1080x1080-pxl-1024x1024.jpg 1024w, https:\/\/easyfairsassets.com\/sites\/60\/2024\/11\/FM_25-PP-Shopping-Fiori-1080x1080-pxl-300x300.jpg 300w, https:\/\/easyfairsassets.com\/sites\/60\/2024\/11\/FM_25-PP-Shopping-Fiori-1080x1080-pxl-150x150.jpg 150w, https:\/\/easyfairsassets.com\/sites\/60\/2024\/11\/FM_25-PP-Shopping-Fiori-1080x1080-pxl-768x768.jpg 768w, https:\/\/easyfairsassets.com\/sites\/60\/2024\/11\/FM_25-PP-Shopping-Fiori-1080x1080-pxl.jpg 1080w\" sizes=\"(max-width: 800px) 100vw, 800px\" \/>\t\t\t\t\t\t\t\t\t\t\t\t\t\t\t<\/div>\n\t\t\t\t<\/div>\n\t\t\t\t<div class=\"elementor-element elementor-element-96d9233 elementor-hidden-desktop elementor-hidden-tablet elementor-hidden-mobile elementor-widget elementor-widget-text-editor\" data-id=\"96d9233\" data-element_type=\"widget\" data-widget_type=\"text-editor.default\">\n\t\t\t\t<div class=\"elementor-widget-container\">\n\t\t\t\t\t\t\t\t\t<p>Lorem ipsum dolor sit amet, consectetur adipiscing elit Lorem ipsum dolor sit amet, consectetur adipiscing elit<\/p>\t\t\t\t\t\t\t\t<\/div>\n\t\t\t\t<\/div>\n\t\t\t\t<div class=\"elementor-element elementor-element-f3afd38 elementor-widget elementor-widget-spacer\" data-id=\"f3afd38\" data-element_type=\"widget\" data-widget_type=\"spacer.default\">\n\t\t\t\t<div class=\"elementor-widget-container\">\n\t\t\t\t\t\t\t<div class=\"elementor-spacer\">\n\t\t\t<div class=\"elementor-spacer-inner\"><\/div>\n\t\t<\/div>\n\t\t\t\t\t\t<\/div>\n\t\t\t\t<\/div>\n\t\t\t\t<div class=\"elementor-element elementor-element-23c76e8 elementor-widget elementor-widget-heading\" data-id=\"23c76e8\" data-element_type=\"widget\" data-widget_type=\"heading.default\">\n\t\t\t\t<div class=\"elementor-widget-container\">\n\t\t\t\t\t<h2 class=\"elementor-heading-title elementor-size-default\">Le ultime news da Packaging Premi\u00e8re e PCD Milan<\/h2>\t\t\t\t<\/div>\n\t\t\t\t<\/div>\n\t\t\t\t<div class=\"elementor-element elementor-element-ebc895c elementor-align-justify elementor-widget elementor-widget-dynamic-button\" data-id=\"ebc895c\" data-element_type=\"widget\" data-settings=\"{&quot;_animation&quot;:&quot;none&quot;}\" data-widget_type=\"dynamic-button.default\">\n\t\t\t\t<div class=\"elementor-widget-container\">\n\t\t\t\t\t        <div class=\"elementor-button-wrapper\">\n            <a href=\"https:\/\/www.packagingpremiere.it\/it\/iscriviti-alla-newsletter\/\" class=\"elementor-button-link elementor-button elementor-size-sm elementor-animation-grow\" role=\"button\">\n                        <span class=\"elementor-button-content-wrapper\">\n\t\t\t                <span class=\"elementor-button-icon elementor-align-icon-right\">\n\t\t\t\t<i aria-hidden=\"true\" class=\"fas fa-angle-right\"><\/i>\t\t\t<\/span>\n            \t\t\t<span class=\"elementor-button-text\">Iscriviti alla newsletter<\/span>\n\t\t<\/span>\n                    <\/a>\n        <\/div>\n        \t\t\t\t<\/div>\n\t\t\t\t<\/div>\n\t\t\t\t\t<\/div>\n\t\t<\/div>\n\t\t\t\t\t<\/div>\n\t\t<\/section>\n\t\t\t\t\t<\/div>\n\t\t<\/div>\n\t\t\t\t\t<\/div>\n\t\t<\/section>\n\t\t\t\t<section class=\"elementor-section elementor-top-section elementor-element elementor-element-0bdcb8b elementor-section-full_width elementor-section-height-default elementor-section-height-default\" data-id=\"0bdcb8b\" data-element_type=\"section\" data-settings=\"{&quot;background_background&quot;:&quot;classic&quot;}\">\n\t\t\t\t\t\t<div class=\"elementor-container elementor-column-gap-custom\">\n\t\t\t\t\t<div class=\"elementor-column elementor-col-100 elementor-top-column elementor-element elementor-element-4946b40\" data-id=\"4946b40\" data-element_type=\"column\">\n\t\t\t<div class=\"elementor-widget-wrap\">\n\t\t\t\t\t\t\t<\/div>\n\t\t<\/div>\n\t\t\t\t\t<\/div>\n\t\t<\/section>\n\t\t\t\t<\/div>\n\t\t","protected":false},"excerpt":{"rendered":"<p>Dal <b>13 al 15 maggio 2025<\/b> torna <b>Packaging Premi\u00e8re &amp; PCD Milan<\/b>, l\u2019appuntamento di riferimento per il packaging deluxe. Questa edizione offrir\u00e0 nuove prospettive e ispirazioni, guidata dalla visione artistica di <b>Andrea Filippi e Gabriele Moschin<\/b>, esperti nell&#8217;integrazione dell&#8217;Intelligenza Artificiale nelle loro opere.<\/p>\n","protected":false},"author":174,"featured_media":155580,"comment_status":"open","ping_status":"open","sticky":false,"template":"","format":"standard","meta":{"_seopress_robots_primary_cat":"none","_seopress_titles_title":"Packaging Premi\u00e8re &amp; PCD Milan 2025: tra natura, design e immaginazione (aumentata)","_seopress_titles_desc":"Dal 13 al 15 maggio 2025 torna Packaging Premi\u00e8re &amp; PCD Milan, l\u2019appuntamento di riferimento per il packaging deluxe. Questa edizione offrir\u00e0 nuove prospettive e ispirazioni, guidata dalla visione artistica di Andrea Filippi e Gabriele Moschin, esperti nell&#039;integrazione dell&#039;Intelligenza Artificiale nelle loro opere.","_seopress_robots_index":"","footnotes":""},"categories":[353,1,349],"tags":[],"edition":[659],"class_list":["post-155575","post","type-post","status-publish","format-standard","has-post-thumbnail","hentry","category-comunicati-stampa","category-non-categorizzato","category-top-news","edition-packaging-premiere-pcd-milan-2024"],"_links":{"self":[{"href":"https:\/\/www.packagingpremiere.it\/it\/wp-json\/wp\/v2\/posts\/155575","targetHints":{"allow":["GET"]}}],"collection":[{"href":"https:\/\/www.packagingpremiere.it\/it\/wp-json\/wp\/v2\/posts"}],"about":[{"href":"https:\/\/www.packagingpremiere.it\/it\/wp-json\/wp\/v2\/types\/post"}],"author":[{"embeddable":true,"href":"https:\/\/www.packagingpremiere.it\/it\/wp-json\/wp\/v2\/users\/174"}],"replies":[{"embeddable":true,"href":"https:\/\/www.packagingpremiere.it\/it\/wp-json\/wp\/v2\/comments?post=155575"}],"version-history":[{"count":5,"href":"https:\/\/www.packagingpremiere.it\/it\/wp-json\/wp\/v2\/posts\/155575\/revisions"}],"predecessor-version":[{"id":155591,"href":"https:\/\/www.packagingpremiere.it\/it\/wp-json\/wp\/v2\/posts\/155575\/revisions\/155591"}],"wp:featuredmedia":[{"embeddable":true,"href":"https:\/\/www.packagingpremiere.it\/it\/wp-json\/wp\/v2\/media\/155580"}],"wp:attachment":[{"href":"https:\/\/www.packagingpremiere.it\/it\/wp-json\/wp\/v2\/media?parent=155575"}],"wp:term":[{"taxonomy":"category","embeddable":true,"href":"https:\/\/www.packagingpremiere.it\/it\/wp-json\/wp\/v2\/categories?post=155575"},{"taxonomy":"post_tag","embeddable":true,"href":"https:\/\/www.packagingpremiere.it\/it\/wp-json\/wp\/v2\/tags?post=155575"},{"taxonomy":"edition","embeddable":true,"href":"https:\/\/www.packagingpremiere.it\/it\/wp-json\/wp\/v2\/edition?post=155575"}],"curies":[{"name":"wp","href":"https:\/\/api.w.org\/{rel}","templated":true}]}}