{"id":130010,"date":"2024-04-09T13:03:52","date_gmt":"2024-04-09T11:03:52","guid":{"rendered":"https:\/\/www.packagingpremiere.it\/?p=130010"},"modified":"2026-04-27T09:48:56","modified_gmt":"2026-04-27T07:48:56","slug":"integra-fragrances","status":"publish","type":"post","link":"https:\/\/www.packagingpremiere.it\/it\/partner\/integra-fragrances\/","title":{"rendered":"Integra Fragrances"},"content":{"rendered":"\n<p>Integra Fragrances diffonde la fragranza d&#8217;ambiente creata per Packaging Premi\u00e8re nell&#8217;ingresso dell&#8217;evento come parte integrante dell&#8217;esperienza multisensoriale che vivono i visitatori.<\/p>\n","protected":false},"excerpt":{"rendered":"<p>Integra Fragrances diffonde la fragranza d&#8217;ambiente creata per Packaging Premi\u00e8re nell&#8217;ingresso dell&#8217;evento come parte integrante dell&#8217;esperienza multisensoriale che vivono i visitatori.<\/p>\n","protected":false},"author":174,"featured_media":130015,"comment_status":"closed","ping_status":"closed","sticky":false,"template":"","format":"standard","meta":{"_seopress_robots_primary_cat":"none","_seopress_titles_title":"Integra Fragrances \u00e8 partner dell'evento %%sep%% %%sitetitle%%","_seopress_titles_desc":"Integra Fragrances \u00e8 partner di Packaging Premi\u00e8re & PCD Milan","_seopress_robots_index":"","footnotes":""},"categories":[697],"tags":[699],"edition":[659],"class_list":["post-130010","post","type-post","status-publish","format-standard","has-post-thumbnail","hentry","category-partner","tag-partner","edition-packaging-premiere-pcd-milan-2024"],"_links":{"self":[{"href":"https:\/\/www.packagingpremiere.it\/it\/wp-json\/wp\/v2\/posts\/130010","targetHints":{"allow":["GET"]}}],"collection":[{"href":"https:\/\/www.packagingpremiere.it\/it\/wp-json\/wp\/v2\/posts"}],"about":[{"href":"https:\/\/www.packagingpremiere.it\/it\/wp-json\/wp\/v2\/types\/post"}],"author":[{"embeddable":true,"href":"https:\/\/www.packagingpremiere.it\/it\/wp-json\/wp\/v2\/users\/174"}],"replies":[{"embeddable":true,"href":"https:\/\/www.packagingpremiere.it\/it\/wp-json\/wp\/v2\/comments?post=130010"}],"version-history":[{"count":2,"href":"https:\/\/www.packagingpremiere.it\/it\/wp-json\/wp\/v2\/posts\/130010\/revisions"}],"predecessor-version":[{"id":235952,"href":"https:\/\/www.packagingpremiere.it\/it\/wp-json\/wp\/v2\/posts\/130010\/revisions\/235952"}],"wp:featuredmedia":[{"embeddable":true,"href":"https:\/\/www.packagingpremiere.it\/it\/wp-json\/wp\/v2\/media\/130015"}],"wp:attachment":[{"href":"https:\/\/www.packagingpremiere.it\/it\/wp-json\/wp\/v2\/media?parent=130010"}],"wp:term":[{"taxonomy":"category","embeddable":true,"href":"https:\/\/www.packagingpremiere.it\/it\/wp-json\/wp\/v2\/categories?post=130010"},{"taxonomy":"post_tag","embeddable":true,"href":"https:\/\/www.packagingpremiere.it\/it\/wp-json\/wp\/v2\/tags?post=130010"},{"taxonomy":"edition","embeddable":true,"href":"https:\/\/www.packagingpremiere.it\/it\/wp-json\/wp\/v2\/edition?post=130010"}],"curies":[{"name":"wp","href":"https:\/\/api.w.org\/{rel}","templated":true}]}}