{"id":141789,"date":"2024-04-26T16:34:53","date_gmt":"2024-04-26T14:34:53","guid":{"rendered":"https:\/\/www.packagingpremiere.it\/?p=141789"},"modified":"2024-05-03T14:33:38","modified_gmt":"2024-05-03T12:33:38","slug":"enter-the-encrypted-world-packaging-premiere-pcd-milan-2024-art-gallery-dedicated-to-digital-art","status":"publish","type":"post","link":"https:\/\/www.packagingpremiere.it\/en\/uncategorized\/enter-the-encrypted-world-packaging-premiere-pcd-milan-2024-art-gallery-dedicated-to-digital-art\/","title":{"rendered":"Enter the Encrypted World: Packaging Premi\u00e8re &#038; PCD Milan 2024 Art Gallery dedicated to Digital Art."},"content":{"rendered":"\t\t<div data-elementor-type=\"wp-post\" data-elementor-id=\"141789\" class=\"elementor elementor-141789 elementor-141788\" data-elementor-post-type=\"post\">\n\t\t\t\t\t\t<section class=\"elementor-section elementor-top-section elementor-element elementor-element-35694cc elementor-section-full_width elementor-section-height-default elementor-section-height-default\" data-id=\"35694cc\" data-element_type=\"section\" data-settings=\"{&quot;background_background&quot;:&quot;classic&quot;}\">\n\t\t\t\t\t\t<div class=\"elementor-container elementor-column-gap-custom\">\n\t\t\t\t\t<div class=\"elementor-column elementor-col-100 elementor-top-column elementor-element elementor-element-8c7069f\" data-id=\"8c7069f\" data-element_type=\"column\" data-settings=\"{&quot;background_background&quot;:&quot;classic&quot;}\">\n\t\t\t<div class=\"elementor-widget-wrap elementor-element-populated\">\n\t\t\t\t\t\t<div class=\"elementor-element elementor-element-61b907b elementor-widget elementor-widget-theme-post-title elementor-page-title elementor-widget-heading\" data-id=\"61b907b\" data-element_type=\"widget\" data-widget_type=\"theme-post-title.default\">\n\t\t\t\t<div class=\"elementor-widget-container\">\n\t\t\t\t\t<h1 class=\"elementor-heading-title elementor-size-default\">Enter the Encrypted World: Packaging Premi\u00e8re &#038; PCD Milan 2024 Art Gallery dedicated to Digital Art.<\/h1>\t\t\t\t<\/div>\n\t\t\t\t<\/div>\n\t\t\t\t<section class=\"elementor-section elementor-inner-section elementor-element elementor-element-9b04e1b elementor-section-full_width elementor-section-height-default elementor-section-height-default\" data-id=\"9b04e1b\" data-element_type=\"section\">\n\t\t\t\t\t\t<div class=\"elementor-container elementor-column-gap-default\">\n\t\t\t\t\t<div class=\"elementor-column elementor-col-50 elementor-inner-column elementor-element elementor-element-b9d35cd\" data-id=\"b9d35cd\" data-element_type=\"column\" data-settings=\"{&quot;background_background&quot;:&quot;classic&quot;}\">\n\t\t\t<div class=\"elementor-widget-wrap elementor-element-populated\">\n\t\t\t\t\t\t<div class=\"elementor-element elementor-element-d218a3e elementor-widget elementor-widget-post-info\" data-id=\"d218a3e\" data-element_type=\"widget\" data-widget_type=\"post-info.default\">\n\t\t\t\t<div class=\"elementor-widget-container\">\n\t\t\t\t\t\t\t<ul class=\"elementor-inline-items elementor-icon-list-items elementor-post-info\">\n\t\t\t\t\t\t\t\t<li class=\"elementor-icon-list-item elementor-repeater-item-24b06d9 elementor-inline-item\" itemprop=\"datePublished\">\n\t\t\t\t\t\t<a href=\"https:\/\/www.packagingpremiere.it\/en\/2024\/04\/26\/\">\n\t\t\t\t\t\t\t\t\t\t\t\t\t\t<span class=\"elementor-icon-list-text elementor-post-info__item elementor-post-info__item--type-date\">\n\t\t\t\t\t\t\t\t\t\t<time>April 26, 2024<\/time>\t\t\t\t\t<\/span>\n\t\t\t\t\t\t\t\t\t<\/a>\n\t\t\t\t<\/li>\n\t\t\t\t<\/ul>\n\t\t\t\t\t\t<\/div>\n\t\t\t\t<\/div>\n\t\t\t\t<div class=\"elementor-element elementor-element-0a0088c elementor-widget elementor-widget-text-editor\" data-id=\"0a0088c\" data-element_type=\"widget\" data-widget_type=\"text-editor.default\">\n\t\t\t\t<div class=\"elementor-widget-container\">\n\t\t\t\t\t\t\t\t\t<p>Every year, Packaging Premi\u00e8re &amp; PCD Milan sets up an art gallery at the entrance of the fair to celebrate the connection between design, art, and packaging. In 2024, the Art Gallery is dedicated to digital art.<\/p>\n\t\t\t\t\t\t\t\t<\/div>\n\t\t\t\t<\/div>\n\t\t\t\t<div class=\"elementor-element elementor-element-23b47b3 elementor-widget elementor-widget-text-editor\" data-id=\"23b47b3\" data-element_type=\"widget\" data-widget_type=\"text-editor.default\">\n\t\t\t\t<div class=\"elementor-widget-container\">\n\t\t\t\t\t\t\t\t\t<p>In the Art Gallery of Packaging Premi\u00e8re &amp; PCD Milan 2024, you can discover the works created by some students from the Accademia Aldo Galli in Como and the Accademia Santa Giulia in Brescia, where the artist Vincenzo Marsiglia, the creator of the project, teaches.<\/p>\n\t\t\t\t\t\t\t\t<\/div>\n\t\t\t\t<\/div>\n\t\t\t\t<div class=\"elementor-element elementor-element-5baafd7 elementor-widget elementor-widget-text-editor\" data-id=\"5baafd7\" data-element_type=\"widget\" data-widget_type=\"text-editor.default\">\n\t\t\t\t<div class=\"elementor-widget-container\">\n\t\t\t\t\t\t\t\t\t<p><em>The Project<\/em><\/p>\n\t\t\t\t\t\t\t\t<\/div>\n\t\t\t\t<\/div>\n\t\t\t\t<div class=\"elementor-element elementor-element-41624c3 elementor-widget elementor-widget-text-editor\" data-id=\"41624c3\" data-element_type=\"widget\" data-widget_type=\"text-editor.default\">\n\t\t\t\t<div class=\"elementor-widget-container\">\n\t\t\t\t\t\t\t\t\t<p>For the realization of the NFT project, the new Italian platform Openverse will be involved, where all the digital works will be introduced into the crypto world.<\/p>\n<p>The installation of the works will all be on vertical screens with a particular setup created with walls that will create diagonals to allow for a wider view of the project. This is the new way of experiencing digital art, where a color reminiscent of the NFT and packaging world will be created to provide elegance and immersion, thus becoming one with the flooring and walls.<\/p>\n<p>Each student has created their own work according to their artistic expression with their own themes in order to give ample scope to personal creativity, without a specific theme, as this allows for pure digital artistic expression.<\/p>\n\t\t\t\t\t\t\t\t<\/div>\n\t\t\t\t<\/div>\n\t\t\t\t<div class=\"elementor-element elementor-element-aba7797 elementor-widget elementor-widget-text-editor\" data-id=\"aba7797\" data-element_type=\"widget\" data-widget_type=\"text-editor.default\">\n\t\t\t\t<div class=\"elementor-widget-container\">\n\t\t\t\t\t\t\t\t\t<p><i>Discover the artworks and meet the artists<\/i><\/p>\n\t\t\t\t\t\t\t\t<\/div>\n\t\t\t\t<\/div>\n\t\t\t\t<div class=\"elementor-element elementor-element-516e0e4 elementor-widget elementor-widget-image\" data-id=\"516e0e4\" data-element_type=\"widget\" data-widget_type=\"image.default\">\n\t\t\t\t<div class=\"elementor-widget-container\">\n\t\t\t\t\t\t\t\t\t\t\t\t\t\t\t<img fetchpriority=\"high\" decoding=\"async\" width=\"778\" height=\"1024\" src=\"https:\/\/easyfairsassets.com\/sites\/60\/2024\/04\/Alexa-Baldessari-foto-opera-778x1024.jpeg\" class=\"attachment-large size-large wp-image-141804\" alt=\"\" srcset=\"https:\/\/easyfairsassets.com\/sites\/60\/2024\/04\/Alexa-Baldessari-foto-opera-778x1024.jpeg 778w, https:\/\/easyfairsassets.com\/sites\/60\/2024\/04\/Alexa-Baldessari-foto-opera-228x300.jpeg 228w, https:\/\/easyfairsassets.com\/sites\/60\/2024\/04\/Alexa-Baldessari-foto-opera-768x1011.jpeg 768w, https:\/\/easyfairsassets.com\/sites\/60\/2024\/04\/Alexa-Baldessari-foto-opera.jpeg 912w\" sizes=\"(max-width: 778px) 100vw, 778px\" \/>\t\t\t\t\t\t\t\t\t\t\t\t\t\t\t<\/div>\n\t\t\t\t<\/div>\n\t\t\t\t<div class=\"elementor-element elementor-element-db2d4fb elementor-widget elementor-widget-text-editor\" data-id=\"db2d4fb\" data-element_type=\"widget\" data-widget_type=\"text-editor.default\">\n\t\t\t\t<div class=\"elementor-widget-container\">\n\t\t\t\t\t\t\t\t\t<p><i><b>\u00a0Zerbrechliche Harmonie &#8211; Alexa Baldessari<\/b><\/i><\/p>\n<p>Zerbrechliche Harmonie represents the intertwining of nature and humans, and the attitude of the latter towards the former. For centuries, nature has been humanity\u2019s greatest treasure, but despite being part of it, humans can become its worst enemy, exploiting it and leading it to destruction. The work depicts a naked woman in a foetal position in the mountains, with a cow skull on her shoulders, in the embodiment of sustaining destiny. A fusion of two elements that dissolve into nature itself.<\/p>\n\t\t\t\t\t\t\t\t<\/div>\n\t\t\t\t<\/div>\n\t\t\t\t<div class=\"elementor-element elementor-element-21f4c48 elementor-widget elementor-widget-image\" data-id=\"21f4c48\" data-element_type=\"widget\" data-widget_type=\"image.default\">\n\t\t\t\t<div class=\"elementor-widget-container\">\n\t\t\t\t\t\t\t\t\t\t\t\t\t\t\t<img decoding=\"async\" width=\"500\" height=\"500\" src=\"https:\/\/easyfairsassets.com\/sites\/60\/2024\/04\/img-28.png\" class=\"attachment-large size-large wp-image-141802\" alt=\"\" srcset=\"https:\/\/easyfairsassets.com\/sites\/60\/2024\/04\/img-28.png 500w, https:\/\/easyfairsassets.com\/sites\/60\/2024\/04\/img-28-300x300.png 300w, https:\/\/easyfairsassets.com\/sites\/60\/2024\/04\/img-28-150x150.png 150w\" sizes=\"(max-width: 500px) 100vw, 500px\" \/>\t\t\t\t\t\t\t\t\t\t\t\t\t\t\t<\/div>\n\t\t\t\t<\/div>\n\t\t\t\t<div class=\"elementor-element elementor-element-cfeb6a0 elementor-widget elementor-widget-text-editor\" data-id=\"cfeb6a0\" data-element_type=\"widget\" data-widget_type=\"text-editor.default\">\n\t\t\t\t<div class=\"elementor-widget-container\">\n\t\t\t\t\t\t\t\t\t<p><i>Alexa Baldessari<\/i><\/p>\n<p>Alexa Baldessari was born in Bressanone, South Tyrol. She studied at the art high school in Bolzano and continued at the Aldo Galli Academy of Fine Arts in Como.<br \/>\nHer artistic production is inspired by her South Tyrolean roots, a cultural \u201cminority\u201d in Italy. This has amplified her interest in other backgrounds and enabled her to appreciate different cultures. Through various media and materials, she explores regions\u2019 traditions and customs. She works on cycles that encompass different ethnicities, creating a sensory experience.<\/p>\n\t\t\t\t\t\t\t\t<\/div>\n\t\t\t\t<\/div>\n\t\t\t\t<div class=\"elementor-element elementor-element-2d24a68 elementor-widget elementor-widget-image\" data-id=\"2d24a68\" data-element_type=\"widget\" data-widget_type=\"image.default\">\n\t\t\t\t<div class=\"elementor-widget-container\">\n\t\t\t\t\t\t\t\t\t\t\t\t\t\t\t<img decoding=\"async\" width=\"800\" height=\"1014\" src=\"https:\/\/easyfairsassets.com\/sites\/60\/2024\/04\/Alice-Scaglia-foto-opera-808x1024.png\" class=\"attachment-large size-large wp-image-141806\" alt=\"\" srcset=\"https:\/\/easyfairsassets.com\/sites\/60\/2024\/04\/Alice-Scaglia-foto-opera-808x1024.png 808w, https:\/\/easyfairsassets.com\/sites\/60\/2024\/04\/Alice-Scaglia-foto-opera-237x300.png 237w, https:\/\/easyfairsassets.com\/sites\/60\/2024\/04\/Alice-Scaglia-foto-opera-768x973.png 768w, https:\/\/easyfairsassets.com\/sites\/60\/2024\/04\/Alice-Scaglia-foto-opera.png 947w\" sizes=\"(max-width: 800px) 100vw, 800px\" \/>\t\t\t\t\t\t\t\t\t\t\t\t\t\t\t<\/div>\n\t\t\t\t<\/div>\n\t\t\t\t<div class=\"elementor-element elementor-element-a5d6840 elementor-widget elementor-widget-text-editor\" data-id=\"a5d6840\" data-element_type=\"widget\" data-widget_type=\"text-editor.default\">\n\t\t\t\t<div class=\"elementor-widget-container\">\n\t\t\t\t\t\t\t\t\t<p><i><b>Memories &#8211;\u00a0 Alice Scaglia<\/b><\/i><\/p>\n<p>With the Neural Blender programme, I created a series of images that bring back memories of childhood, sometimes with personal meanings, but as the mind would visualise these memories: distorted. The images scroll through a faceless photo of me, indicating the memories flowing in my mind, and through my hands, as they relate back to my experiences. This is accompanied by sounds that change according to the memory (children laughing, etc.).<\/p>\n\t\t\t\t\t\t\t\t<\/div>\n\t\t\t\t<\/div>\n\t\t\t\t<div class=\"elementor-element elementor-element-29e1b9c elementor-widget elementor-widget-image\" data-id=\"29e1b9c\" data-element_type=\"widget\" data-widget_type=\"image.default\">\n\t\t\t\t<div class=\"elementor-widget-container\">\n\t\t\t\t\t\t\t\t\t\t\t\t\t\t\t<img loading=\"lazy\" decoding=\"async\" width=\"500\" height=\"500\" src=\"https:\/\/easyfairsassets.com\/sites\/60\/2024\/04\/img-29.png\" class=\"attachment-large size-large wp-image-141808\" alt=\"\" srcset=\"https:\/\/easyfairsassets.com\/sites\/60\/2024\/04\/img-29.png 500w, https:\/\/easyfairsassets.com\/sites\/60\/2024\/04\/img-29-300x300.png 300w, https:\/\/easyfairsassets.com\/sites\/60\/2024\/04\/img-29-150x150.png 150w\" sizes=\"(max-width: 500px) 100vw, 500px\" \/>\t\t\t\t\t\t\t\t\t\t\t\t\t\t\t<\/div>\n\t\t\t\t<\/div>\n\t\t\t\t<div class=\"elementor-element elementor-element-aa52ee2 elementor-widget elementor-widget-text-editor\" data-id=\"aa52ee2\" data-element_type=\"widget\" data-widget_type=\"text-editor.default\">\n\t\t\t\t<div class=\"elementor-widget-container\">\n\t\t\t\t\t\t\t\t\t<p><i>Alice Scaglia<\/i><\/p>\n<p>My name is Alice Scaglia and I was born on 14 July 2001, in Brescia.<br \/>\nEver since I was a child, I have always had a vivid imagination and art is a way of freely expressing this creativity of mine. I tend to pour my emotions into all my projects. This is a part of myself that I consider very important, not only to feel connected to my work, but also to the people who will eventually see my art.<\/p>\n\t\t\t\t\t\t\t\t<\/div>\n\t\t\t\t<\/div>\n\t\t\t\t<div class=\"elementor-element elementor-element-4b032e3 elementor-widget elementor-widget-image\" data-id=\"4b032e3\" data-element_type=\"widget\" data-widget_type=\"image.default\">\n\t\t\t\t<div class=\"elementor-widget-container\">\n\t\t\t\t\t\t\t\t\t\t\t\t\t\t\t<img loading=\"lazy\" decoding=\"async\" width=\"683\" height=\"1024\" src=\"https:\/\/easyfairsassets.com\/sites\/60\/2024\/04\/Andra-Olgiati-foto-opera-683x1024.png\" class=\"attachment-large size-large wp-image-141816\" alt=\"\" srcset=\"https:\/\/easyfairsassets.com\/sites\/60\/2024\/04\/Andra-Olgiati-foto-opera-683x1024.png 683w, https:\/\/easyfairsassets.com\/sites\/60\/2024\/04\/Andra-Olgiati-foto-opera-200x300.png 200w, https:\/\/easyfairsassets.com\/sites\/60\/2024\/04\/Andra-Olgiati-foto-opera-768x1152.png 768w, https:\/\/easyfairsassets.com\/sites\/60\/2024\/04\/Andra-Olgiati-foto-opera.png 800w\" sizes=\"(max-width: 683px) 100vw, 683px\" \/>\t\t\t\t\t\t\t\t\t\t\t\t\t\t\t<\/div>\n\t\t\t\t<\/div>\n\t\t\t\t<div class=\"elementor-element elementor-element-0e9c99d elementor-widget elementor-widget-text-editor\" data-id=\"0e9c99d\" data-element_type=\"widget\" data-widget_type=\"text-editor.default\">\n\t\t\t\t<div class=\"elementor-widget-container\">\n\t\t\t\t\t\t\t\t\t<p><i><b>What I saw, what the machine sees &#8211; Andrea Olgiati<\/b><\/i><\/p>\n<p>I incorporated one work into the other in this project called WHAT I SAW, WHAT THE MACHINE SEES. The first, now swallowed up, was created using conventional drawing methods; copying from life, chiaroscuro and visual aids. Painted in liquid charcoal on canvas, it depicts a still life, a particular fruit found in different periods of art history, a simple banana. This painting was then digitised, fed into an AI system and used as a template, revealing its ghostly, distorted, unexpected aspects.<\/p>\n\t\t\t\t\t\t\t\t<\/div>\n\t\t\t\t<\/div>\n\t\t\t\t<div class=\"elementor-element elementor-element-0223748 elementor-widget elementor-widget-image\" data-id=\"0223748\" data-element_type=\"widget\" data-widget_type=\"image.default\">\n\t\t\t\t<div class=\"elementor-widget-container\">\n\t\t\t\t\t\t\t\t\t\t\t\t\t\t\t<img loading=\"lazy\" decoding=\"async\" width=\"500\" height=\"500\" src=\"https:\/\/easyfairsassets.com\/sites\/60\/2024\/04\/img-30.png\" class=\"attachment-large size-large wp-image-141814\" alt=\"\" srcset=\"https:\/\/easyfairsassets.com\/sites\/60\/2024\/04\/img-30.png 500w, https:\/\/easyfairsassets.com\/sites\/60\/2024\/04\/img-30-300x300.png 300w, https:\/\/easyfairsassets.com\/sites\/60\/2024\/04\/img-30-150x150.png 150w\" sizes=\"(max-width: 500px) 100vw, 500px\" \/>\t\t\t\t\t\t\t\t\t\t\t\t\t\t\t<\/div>\n\t\t\t\t<\/div>\n\t\t\t\t<div class=\"elementor-element elementor-element-bb8880c elementor-widget elementor-widget-text-editor\" data-id=\"bb8880c\" data-element_type=\"widget\" data-widget_type=\"text-editor.default\">\n\t\t\t\t<div class=\"elementor-widget-container\">\n\t\t\t\t\t\t\t\t\t<p><em>Andrea Olgiati<\/em><\/p>\n<p>Andrea Olgiati was born in Locarno in 1987. He graduated as a cartoonist and illustrator at a very young age in Florence and later in Milan. He obtained a bachelor\u2019s degree in Painting and Visual Languages at the Academy of Fine Arts in Como in 2023. He has been working for more than a decade in the fields of drawing, advertising and art teaching in Switzerland and abroad. His research comprises both the rediscovery of classical painting techniques and narrative applied to contemporary issues. He currently dedicates himself to coordinating and teaching at the Mimesi Art School in Locarno.<\/p>\n\t\t\t\t\t\t\t\t<\/div>\n\t\t\t\t<\/div>\n\t\t\t\t<div class=\"elementor-element elementor-element-b64a2d4 elementor-widget elementor-widget-image\" data-id=\"b64a2d4\" data-element_type=\"widget\" data-widget_type=\"image.default\">\n\t\t\t\t<div class=\"elementor-widget-container\">\n\t\t\t\t\t\t\t\t\t\t\t\t\t\t\t<img loading=\"lazy\" decoding=\"async\" width=\"576\" height=\"1024\" src=\"https:\/\/easyfairsassets.com\/sites\/60\/2024\/04\/Angelica-Zamblera-opera-576x1024.jpg\" class=\"attachment-large size-large wp-image-141818\" alt=\"\" srcset=\"https:\/\/easyfairsassets.com\/sites\/60\/2024\/04\/Angelica-Zamblera-opera-576x1024.jpg 576w, https:\/\/easyfairsassets.com\/sites\/60\/2024\/04\/Angelica-Zamblera-opera-169x300.jpg 169w, https:\/\/easyfairsassets.com\/sites\/60\/2024\/04\/Angelica-Zamblera-opera.jpg 675w\" sizes=\"(max-width: 576px) 100vw, 576px\" \/>\t\t\t\t\t\t\t\t\t\t\t\t\t\t\t<\/div>\n\t\t\t\t<\/div>\n\t\t\t\t<div class=\"elementor-element elementor-element-967dbb8 elementor-widget elementor-widget-text-editor\" data-id=\"967dbb8\" data-element_type=\"widget\" data-widget_type=\"text-editor.default\">\n\t\t\t\t<div class=\"elementor-widget-container\">\n\t\t\t\t\t\t\t\t\t<p><em><b>Rebirth &#8211; Angelica Zamblera<\/b><\/em><\/p>\n<p>Starting from the photographic project Fragility (2022), I took it to its conclusion as rebirth of my person.<br \/>\n\u201cBefore getting up again, you have to hit rock bottom\u201d; this concept made me imagine a scenario where black and white dominate, albeit creating many shades of grey.<br \/>\nThe result was made possible through the use of Procreate and the fluidising filter, reducing or enlarging the brush size, thus achieving the essence of the image, taken to the utmost extremes of being.<br \/>\nThe fluidity of the mark contrasts with the earthy, jagged texture of the shots.<\/p>\n\t\t\t\t\t\t\t\t<\/div>\n\t\t\t\t<\/div>\n\t\t\t\t<div class=\"elementor-element elementor-element-00f92a7 elementor-widget elementor-widget-image\" data-id=\"00f92a7\" data-element_type=\"widget\" data-widget_type=\"image.default\">\n\t\t\t\t<div class=\"elementor-widget-container\">\n\t\t\t\t\t\t\t\t\t\t\t\t\t\t\t<img loading=\"lazy\" decoding=\"async\" width=\"500\" height=\"500\" src=\"https:\/\/easyfairsassets.com\/sites\/60\/2024\/04\/img-31.png\" class=\"attachment-large size-large wp-image-141820\" alt=\"\" srcset=\"https:\/\/easyfairsassets.com\/sites\/60\/2024\/04\/img-31.png 500w, https:\/\/easyfairsassets.com\/sites\/60\/2024\/04\/img-31-300x300.png 300w, https:\/\/easyfairsassets.com\/sites\/60\/2024\/04\/img-31-150x150.png 150w\" sizes=\"(max-width: 500px) 100vw, 500px\" \/>\t\t\t\t\t\t\t\t\t\t\t\t\t\t\t<\/div>\n\t\t\t\t<\/div>\n\t\t\t\t<div class=\"elementor-element elementor-element-6bfc7f0 elementor-widget elementor-widget-text-editor\" data-id=\"6bfc7f0\" data-element_type=\"widget\" data-widget_type=\"text-editor.default\">\n\t\t\t\t<div class=\"elementor-widget-container\">\n\t\t\t\t\t\t\t\t\t<p><em>Angelica Zamblera<\/em><\/p>\n<p>Angelica Zamblera was born in Brescia on 24 September 2002, but she grew up in the village of Zandobbio in the province of Bergamo, surrounded by green woods and characterised by a relaxed air, albeit one with a strong work ethic.<br \/>\nShe is a painting student at the SantaGiulia academy in Brescia, where she is furthering the studies she began at the Andrea Fantoni artistic high school in Bergamo on the figurative arts course.<br \/>\nHer current artistic research is based on the contemporary and its tendency towards the commodification and idealisation of objects and\/or people, including a line dedicated solely to more personal work on the body, as in the case of Rebirth and the previous photographic work Fragility (2022).<\/p>\n\t\t\t\t\t\t\t\t<\/div>\n\t\t\t\t<\/div>\n\t\t\t\t<div class=\"elementor-element elementor-element-dc3273b elementor-widget elementor-widget-image\" data-id=\"dc3273b\" data-element_type=\"widget\" data-widget_type=\"image.default\">\n\t\t\t\t<div class=\"elementor-widget-container\">\n\t\t\t\t\t\t\t\t\t\t\t\t\t\t\t<img loading=\"lazy\" decoding=\"async\" width=\"768\" height=\"1024\" src=\"https:\/\/easyfairsassets.com\/sites\/60\/2024\/04\/Anna-Aristo-foto-opera-768x1024.jpg\" class=\"attachment-large size-large wp-image-141826\" alt=\"\" srcset=\"https:\/\/easyfairsassets.com\/sites\/60\/2024\/04\/Anna-Aristo-foto-opera-768x1024.jpg 768w, https:\/\/easyfairsassets.com\/sites\/60\/2024\/04\/Anna-Aristo-foto-opera-225x300.jpg 225w, https:\/\/easyfairsassets.com\/sites\/60\/2024\/04\/Anna-Aristo-foto-opera.jpg 900w\" sizes=\"(max-width: 768px) 100vw, 768px\" \/>\t\t\t\t\t\t\t\t\t\t\t\t\t\t\t<\/div>\n\t\t\t\t<\/div>\n\t\t\t\t<div class=\"elementor-element elementor-element-74d7f73 elementor-widget elementor-widget-text-editor\" data-id=\"74d7f73\" data-element_type=\"widget\" data-widget_type=\"text-editor.default\">\n\t\t\t\t<div class=\"elementor-widget-container\">\n\t\t\t\t\t\t\t\t\t<p><em><b>Do You Know Who You Are? &#8211; Anna Carola Aristo<\/b><\/em><\/p>\n<p>The work explores the construction of identity shaped by interactions with the world. The face is formed by experience lines, but when it becomes fluid and the video reverses, a metaphorical journey of discovery of one\u2019s essence begins. It invites reflection on the complexity of identity and the interaction between external influences and individuality, questioning masks. A beat resonates with the emotional and existential aspects of the work, creating a compelling sensory experience.<\/p>\n\t\t\t\t\t\t\t\t<\/div>\n\t\t\t\t<\/div>\n\t\t\t\t<div class=\"elementor-element elementor-element-390966b elementor-widget elementor-widget-image\" data-id=\"390966b\" data-element_type=\"widget\" data-widget_type=\"image.default\">\n\t\t\t\t<div class=\"elementor-widget-container\">\n\t\t\t\t\t\t\t\t\t\t\t\t\t\t\t<img loading=\"lazy\" decoding=\"async\" width=\"500\" height=\"500\" src=\"https:\/\/easyfairsassets.com\/sites\/60\/2024\/04\/img-32.png\" class=\"attachment-large size-large wp-image-141828\" alt=\"\" srcset=\"https:\/\/easyfairsassets.com\/sites\/60\/2024\/04\/img-32.png 500w, https:\/\/easyfairsassets.com\/sites\/60\/2024\/04\/img-32-300x300.png 300w, https:\/\/easyfairsassets.com\/sites\/60\/2024\/04\/img-32-150x150.png 150w\" sizes=\"(max-width: 500px) 100vw, 500px\" \/>\t\t\t\t\t\t\t\t\t\t\t\t\t\t\t<\/div>\n\t\t\t\t<\/div>\n\t\t\t\t<div class=\"elementor-element elementor-element-7c967e1 elementor-widget elementor-widget-text-editor\" data-id=\"7c967e1\" data-element_type=\"widget\" data-widget_type=\"text-editor.default\">\n\t\t\t\t<div class=\"elementor-widget-container\">\n\t\t\t\t\t\t\t\t\t<p><em>Anna Carola Aristo<\/em><\/p>\n<p>Born in a small mountain town and with a scientific background, she arrived at the Academy in 2019. Her art delves into the realms of contemplation and reflection on the profound interconnectedness of life. Animals, nature and the human experience are recurring motifs in a dialogue about the beauty and fragility of existence. It is a visual exploration of the intricate dance between humans and their surroundings, a celebration of life and the profound mysteries that surround us.<\/p>\n\t\t\t\t\t\t\t\t<\/div>\n\t\t\t\t<\/div>\n\t\t\t\t<div class=\"elementor-element elementor-element-ef2d7dd elementor-widget elementor-widget-image\" data-id=\"ef2d7dd\" data-element_type=\"widget\" data-widget_type=\"image.default\">\n\t\t\t\t<div class=\"elementor-widget-container\">\n\t\t\t\t\t\t\t\t\t\t\t\t\t\t\t<img loading=\"lazy\" decoding=\"async\" width=\"576\" height=\"1024\" src=\"https:\/\/easyfairsassets.com\/sites\/60\/2024\/04\/Bruna-Stefania-Benzoni-opera-min-576x1024.jpg\" class=\"attachment-large size-large wp-image-141834\" alt=\"\" srcset=\"https:\/\/easyfairsassets.com\/sites\/60\/2024\/04\/Bruna-Stefania-Benzoni-opera-min-576x1024.jpg 576w, https:\/\/easyfairsassets.com\/sites\/60\/2024\/04\/Bruna-Stefania-Benzoni-opera-min-169x300.jpg 169w, https:\/\/easyfairsassets.com\/sites\/60\/2024\/04\/Bruna-Stefania-Benzoni-opera-min.jpg 675w\" sizes=\"(max-width: 576px) 100vw, 576px\" \/>\t\t\t\t\t\t\t\t\t\t\t\t\t\t\t<\/div>\n\t\t\t\t<\/div>\n\t\t\t\t<div class=\"elementor-element elementor-element-6260183 elementor-widget elementor-widget-text-editor\" data-id=\"6260183\" data-element_type=\"widget\" data-widget_type=\"text-editor.default\">\n\t\t\t\t<div class=\"elementor-widget-container\">\n\t\t\t\t\t\t\t\t\t<p><em><b>Falena 2.0 &#8211; Bruna Stefania Benzoni<\/b><\/em><\/p>\n<p>The work Falena 2.0 (Moth 2.0) is intended to symbolise the fragility of human life, which with a flap of its wings can disappear, fall into the void and remain shrouded in nothingness, accompanied only by a deafening silence. The seemingly abstract image is a fragment of this moth that is created in time, a time marked by beats that alternate the noise of millions of lepidoptera with silence, life with death.<\/p>\n\t\t\t\t\t\t\t\t<\/div>\n\t\t\t\t<\/div>\n\t\t\t\t<div class=\"elementor-element elementor-element-240b89e elementor-widget elementor-widget-image\" data-id=\"240b89e\" data-element_type=\"widget\" data-widget_type=\"image.default\">\n\t\t\t\t<div class=\"elementor-widget-container\">\n\t\t\t\t\t\t\t\t\t\t\t\t\t\t\t<img loading=\"lazy\" decoding=\"async\" width=\"500\" height=\"500\" src=\"https:\/\/easyfairsassets.com\/sites\/60\/2024\/04\/img-33.png\" class=\"attachment-large size-large wp-image-141836\" alt=\"\" srcset=\"https:\/\/easyfairsassets.com\/sites\/60\/2024\/04\/img-33.png 500w, https:\/\/easyfairsassets.com\/sites\/60\/2024\/04\/img-33-300x300.png 300w, https:\/\/easyfairsassets.com\/sites\/60\/2024\/04\/img-33-150x150.png 150w\" sizes=\"(max-width: 500px) 100vw, 500px\" \/>\t\t\t\t\t\t\t\t\t\t\t\t\t\t\t<\/div>\n\t\t\t\t<\/div>\n\t\t\t\t<div class=\"elementor-element elementor-element-d8c17ec elementor-widget elementor-widget-text-editor\" data-id=\"d8c17ec\" data-element_type=\"widget\" data-widget_type=\"text-editor.default\">\n\t\t\t\t<div class=\"elementor-widget-container\">\n\t\t\t\t\t\t\t\t\t<p><em>Bruna Stefania Benzoni<\/em><\/p>\n<p>Bruna Stefania Benzoni was born on 31 May 2000 in the province of Brescia.<br \/>\nShe enrolled at the SantaGiulia Academy of Fine Arts in Brescia, to cultivate her artistic dream. Here she explored drawing techniques such as red chalk and oil painting, but also learned important concepts from art history. Because of Covid, she was unable to expand her knowledge as much as she would have liked, but she did not give up. In 2022 she received her bachelor\u2019s degree in painting and sculpture. After a short time, she resumed her studies again, this time opting for Interior Design once again at SantaGiulia, eager to expand her knowledge.<br \/>\nIn March 2023, she participated in the Digital Attitude exhibition at the Var Group headquarters in Milan.<\/p>\n\t\t\t\t\t\t\t\t<\/div>\n\t\t\t\t<\/div>\n\t\t\t\t<div class=\"elementor-element elementor-element-59ecca6 elementor-widget elementor-widget-image\" data-id=\"59ecca6\" data-element_type=\"widget\" data-widget_type=\"image.default\">\n\t\t\t\t<div class=\"elementor-widget-container\">\n\t\t\t\t\t\t\t\t\t\t\t\t\t\t\t<img loading=\"lazy\" decoding=\"async\" width=\"800\" height=\"880\" src=\"https:\/\/easyfairsassets.com\/sites\/60\/2024\/04\/Carlotta-Bontempi-foto-opera.jpg\" class=\"attachment-large size-large wp-image-141846\" alt=\"\" srcset=\"https:\/\/easyfairsassets.com\/sites\/60\/2024\/04\/Carlotta-Bontempi-foto-opera.jpg 871w, https:\/\/easyfairsassets.com\/sites\/60\/2024\/04\/Carlotta-Bontempi-foto-opera-273x300.jpg 273w, https:\/\/easyfairsassets.com\/sites\/60\/2024\/04\/Carlotta-Bontempi-foto-opera-768x845.jpg 768w\" sizes=\"(max-width: 800px) 100vw, 800px\" \/>\t\t\t\t\t\t\t\t\t\t\t\t\t\t\t<\/div>\n\t\t\t\t<\/div>\n\t\t\t\t<div class=\"elementor-element elementor-element-ce28bac elementor-widget elementor-widget-text-editor\" data-id=\"ce28bac\" data-element_type=\"widget\" data-widget_type=\"text-editor.default\">\n\t\t\t\t<div class=\"elementor-widget-container\">\n\t\t\t\t\t\t\t\t\t<p><em><b>Autoritratto n. 2 &#8211; Carlotta Bontempi<\/b><\/em><br \/>\nThe work selected is Autoritratto n. 2 (Self-Portrait No. 2), which is part of a project of six works (three self-portraits, each with its respective abstraction) and a video narrating this process. The aim is to represent the inner change brought about by time, through the disintegration of faces to the point of the cancellation of the image itself, which returns to a primordial phase, to a blank canvas waiting to take on a new form.<\/p>\n\t\t\t\t\t\t\t\t<\/div>\n\t\t\t\t<\/div>\n\t\t\t\t<div class=\"elementor-element elementor-element-6473e85 elementor-widget elementor-widget-image\" data-id=\"6473e85\" data-element_type=\"widget\" data-widget_type=\"image.default\">\n\t\t\t\t<div class=\"elementor-widget-container\">\n\t\t\t\t\t\t\t\t\t\t\t\t\t\t\t<img loading=\"lazy\" decoding=\"async\" width=\"500\" height=\"500\" src=\"https:\/\/easyfairsassets.com\/sites\/60\/2024\/04\/img-34.png\" class=\"attachment-large size-large wp-image-141850\" alt=\"\" srcset=\"https:\/\/easyfairsassets.com\/sites\/60\/2024\/04\/img-34.png 500w, https:\/\/easyfairsassets.com\/sites\/60\/2024\/04\/img-34-300x300.png 300w, https:\/\/easyfairsassets.com\/sites\/60\/2024\/04\/img-34-150x150.png 150w\" sizes=\"(max-width: 500px) 100vw, 500px\" \/>\t\t\t\t\t\t\t\t\t\t\t\t\t\t\t<\/div>\n\t\t\t\t<\/div>\n\t\t\t\t<div class=\"elementor-element elementor-element-d3b14db elementor-widget elementor-widget-text-editor\" data-id=\"d3b14db\" data-element_type=\"widget\" data-widget_type=\"text-editor.default\">\n\t\t\t\t<div class=\"elementor-widget-container\">\n\t\t\t\t\t\t\t\t\t<p><em>Carlotta Bontempi<\/em><\/p>\n<p>Carlotta Bontempi was born on 28 November 1995 in Brescia.<br \/>\nHer artistic research is rooted in the need to reveal those inner mechanisms that drive her actions and thoughts, thus managing to circumscribe them, understand them, and \u2013 through the act of defining them \u2013 stem their emotional intensity.<br \/>\nThis need incorporates a great variety of different techniques, with a predilection for those capable of reflecting the transformative action of time upon themselves.<\/p>\n\t\t\t\t\t\t\t\t<\/div>\n\t\t\t\t<\/div>\n\t\t\t\t<div class=\"elementor-element elementor-element-dd38947 elementor-widget elementor-widget-image\" data-id=\"dd38947\" data-element_type=\"widget\" data-widget_type=\"image.default\">\n\t\t\t\t<div class=\"elementor-widget-container\">\n\t\t\t\t\t\t\t\t\t\t\t\t\t\t\t<img loading=\"lazy\" decoding=\"async\" width=\"690\" height=\"1024\" src=\"https:\/\/easyfairsassets.com\/sites\/60\/2024\/04\/Chiara-Sandrini-opera-690x1024.png\" class=\"attachment-large size-large wp-image-141852\" alt=\"\" srcset=\"https:\/\/easyfairsassets.com\/sites\/60\/2024\/04\/Chiara-Sandrini-opera-690x1024.png 690w, https:\/\/easyfairsassets.com\/sites\/60\/2024\/04\/Chiara-Sandrini-opera-202x300.png 202w, https:\/\/easyfairsassets.com\/sites\/60\/2024\/04\/Chiara-Sandrini-opera-768x1139.png 768w, https:\/\/easyfairsassets.com\/sites\/60\/2024\/04\/Chiara-Sandrini-opera.png 809w\" sizes=\"(max-width: 690px) 100vw, 690px\" \/>\t\t\t\t\t\t\t\t\t\t\t\t\t\t\t<\/div>\n\t\t\t\t<\/div>\n\t\t\t\t<div class=\"elementor-element elementor-element-fa43fea elementor-widget elementor-widget-text-editor\" data-id=\"fa43fea\" data-element_type=\"widget\" data-widget_type=\"text-editor.default\">\n\t\t\t\t<div class=\"elementor-widget-container\">\n\t\t\t\t\t\t\t\t\t<p><em><b>Orologino &#8211; Chiara Sandrini<\/b><\/em><\/p>\n<p>Orologino (Watch) is part of the triptych Ricordi cuciti (Stitched Memories) (2022) and is the result of combining embroidery and digital art. The subject is a gold watch given to her by his maternal grandfather. Starting with the photograph, the image was transformed into a geometric pattern of triangles. Subsequently, each triangle was overlaid with an embroidery texture, manually created with a wool thread sewn onto a painting canvas and digitally processed to change its colour. All this represents the fond memory of a loved one who is no longer with us, painful and chaotic like the triangles, but warm and soft like wool.<\/p>\n\t\t\t\t\t\t\t\t<\/div>\n\t\t\t\t<\/div>\n\t\t\t\t<div class=\"elementor-element elementor-element-dd99721 elementor-widget elementor-widget-image\" data-id=\"dd99721\" data-element_type=\"widget\" data-widget_type=\"image.default\">\n\t\t\t\t<div class=\"elementor-widget-container\">\n\t\t\t\t\t\t\t\t\t\t\t\t\t\t\t<img loading=\"lazy\" decoding=\"async\" width=\"500\" height=\"500\" src=\"https:\/\/easyfairsassets.com\/sites\/60\/2024\/04\/img-35.png\" class=\"attachment-large size-large wp-image-141854\" alt=\"\" srcset=\"https:\/\/easyfairsassets.com\/sites\/60\/2024\/04\/img-35.png 500w, https:\/\/easyfairsassets.com\/sites\/60\/2024\/04\/img-35-300x300.png 300w, https:\/\/easyfairsassets.com\/sites\/60\/2024\/04\/img-35-150x150.png 150w\" sizes=\"(max-width: 500px) 100vw, 500px\" \/>\t\t\t\t\t\t\t\t\t\t\t\t\t\t\t<\/div>\n\t\t\t\t<\/div>\n\t\t\t\t<div class=\"elementor-element elementor-element-3ef5bf2 elementor-widget elementor-widget-text-editor\" data-id=\"3ef5bf2\" data-element_type=\"widget\" data-widget_type=\"text-editor.default\">\n\t\t\t\t<div class=\"elementor-widget-container\">\n\t\t\t\t\t\t\t\t\t<p><em>Chiara Sandrini<\/em><\/p>\n<p>Chiara Sandrini was born on 16 September 2000 in Brescia. She grew up surrounded by coloured pencils and felt-tip pens, which helped her express what she was never able to say in words, as she was shy and introverted. She attended the Liceo Artistico Statale M. Olivieri high school in Brescia, obtaining a diploma in Architecture in 2019. She then continued her studies at the SantaGiulia Academy of Fine Arts, where she refined certain painting techniques, such as oil on canvas and watercolour on paper, and where she completed a three-year degree in Painting (2023). She is currently attending the Illustration course at the International School of Comics in Brescia.<br \/>\nIn 2021, she participated in the exhibition Basta violenza sulle donne (That\u2019s enough violence against women) in the city of Chiari (BS) and in 2023 she featured in the exhibition Digital Attitude at the Var Group headquarters in Milan.<\/p>\n\t\t\t\t\t\t\t\t<\/div>\n\t\t\t\t<\/div>\n\t\t\t\t<div class=\"elementor-element elementor-element-45e8632 elementor-widget elementor-widget-image\" data-id=\"45e8632\" data-element_type=\"widget\" data-widget_type=\"image.default\">\n\t\t\t\t<div class=\"elementor-widget-container\">\n\t\t\t\t\t\t\t\t\t\t\t\t\t\t\t<img loading=\"lazy\" decoding=\"async\" width=\"760\" height=\"1024\" src=\"https:\/\/easyfairsassets.com\/sites\/60\/2024\/04\/Davide-Bertele-foto-opera-760x1024.png\" class=\"attachment-large size-large wp-image-141860\" alt=\"\" srcset=\"https:\/\/easyfairsassets.com\/sites\/60\/2024\/04\/Davide-Bertele-foto-opera-760x1024.png 760w, https:\/\/easyfairsassets.com\/sites\/60\/2024\/04\/Davide-Bertele-foto-opera-223x300.png 223w, https:\/\/easyfairsassets.com\/sites\/60\/2024\/04\/Davide-Bertele-foto-opera-768x1035.png 768w, https:\/\/easyfairsassets.com\/sites\/60\/2024\/04\/Davide-Bertele-foto-opera.png 800w\" sizes=\"(max-width: 760px) 100vw, 760px\" \/>\t\t\t\t\t\t\t\t\t\t\t\t\t\t\t<\/div>\n\t\t\t\t<\/div>\n\t\t\t\t<div class=\"elementor-element elementor-element-3bc894e elementor-widget elementor-widget-text-editor\" data-id=\"3bc894e\" data-element_type=\"widget\" data-widget_type=\"text-editor.default\">\n\t\t\t\t<div class=\"elementor-widget-container\">\n\t\t\t\t\t\t\t\t\t<p><em><b>Maravigghia &#8211; Davide Bertel\u00e9<\/b><\/em><\/p>\n<p>In this artwork, one can see the creation of figures piled one on top of the other: these deformed elements are connected and added together until the scene is almost completely obscured except for a few small white spaces reminiscent of constellations.<br \/>\nThe aim of the work is to go beyond the concept of beauty, which is not to be understood as a standard imposed by tradition, but as pure pleasure in enjoying shapes and colours that affect the viewer\u2019s emotions and sensitivities.<\/p>\n\t\t\t\t\t\t\t\t<\/div>\n\t\t\t\t<\/div>\n\t\t\t\t<div class=\"elementor-element elementor-element-8768f5f elementor-widget elementor-widget-image\" data-id=\"8768f5f\" data-element_type=\"widget\" data-widget_type=\"image.default\">\n\t\t\t\t<div class=\"elementor-widget-container\">\n\t\t\t\t\t\t\t\t\t\t\t\t\t\t\t<img loading=\"lazy\" decoding=\"async\" width=\"500\" height=\"500\" src=\"https:\/\/easyfairsassets.com\/sites\/60\/2024\/04\/img-36.png\" class=\"attachment-large size-large wp-image-141862\" alt=\"\" srcset=\"https:\/\/easyfairsassets.com\/sites\/60\/2024\/04\/img-36.png 500w, https:\/\/easyfairsassets.com\/sites\/60\/2024\/04\/img-36-300x300.png 300w, https:\/\/easyfairsassets.com\/sites\/60\/2024\/04\/img-36-150x150.png 150w\" sizes=\"(max-width: 500px) 100vw, 500px\" \/>\t\t\t\t\t\t\t\t\t\t\t\t\t\t\t<\/div>\n\t\t\t\t<\/div>\n\t\t\t\t<div class=\"elementor-element elementor-element-47b3edf elementor-widget elementor-widget-text-editor\" data-id=\"47b3edf\" data-element_type=\"widget\" data-widget_type=\"text-editor.default\">\n\t\t\t\t<div class=\"elementor-widget-container\">\n\t\t\t\t\t\t\t\t\t<p><em>Davide Bertel\u00e9<\/em><\/p>\n<p>Davide Bertel\u00e8 (1999) lives and works in Brescia.<br \/>\nHe is currently attending the two-year specialisation course at the SantaGiulia Academy of Fine Arts in Brescia. He attended the Digital Image Processing course taught by Professor Vincenzo Marsiglia, with whom he also developed the \u201cMaravigghia\u201d project.<br \/>\nHe has exhibited in Brescia at the Museo Diocesano, Bunkervik and the Calicanto art space; in Bergamo he has exhibited at Risma11Multifactory. In 2019 he exhibited at a workshop in Tanzania with the Tovini association.<br \/>\nHis artistic research ranges from painting to sculpture, from graphics to multimedia installations. In his works, he seeks to combine the various modes of expression by virtue of an inquisitive and active approach.<\/p>\n\t\t\t\t\t\t\t\t<\/div>\n\t\t\t\t<\/div>\n\t\t\t\t<div class=\"elementor-element elementor-element-5fb3248 elementor-widget elementor-widget-image\" data-id=\"5fb3248\" data-element_type=\"widget\" data-widget_type=\"image.default\">\n\t\t\t\t<div class=\"elementor-widget-container\">\n\t\t\t\t\t\t\t\t\t\t\t\t\t\t\t<img loading=\"lazy\" decoding=\"async\" width=\"800\" height=\"533\" src=\"https:\/\/easyfairsassets.com\/sites\/60\/2024\/04\/Elisa-Benini-opera.jpg\" class=\"attachment-large size-large wp-image-141868\" alt=\"\" srcset=\"https:\/\/easyfairsassets.com\/sites\/60\/2024\/04\/Elisa-Benini-opera.jpg 1200w, https:\/\/easyfairsassets.com\/sites\/60\/2024\/04\/Elisa-Benini-opera-300x200.jpg 300w, https:\/\/easyfairsassets.com\/sites\/60\/2024\/04\/Elisa-Benini-opera-768x512.jpg 768w\" sizes=\"(max-width: 800px) 100vw, 800px\" \/>\t\t\t\t\t\t\t\t\t\t\t\t\t\t\t<\/div>\n\t\t\t\t<\/div>\n\t\t\t\t<div class=\"elementor-element elementor-element-1601747 elementor-widget elementor-widget-text-editor\" data-id=\"1601747\" data-element_type=\"widget\" data-widget_type=\"text-editor.default\">\n\t\t\t\t<div class=\"elementor-widget-container\">\n\t\t\t\t\t\t\t\t\t<p><em><b>Untitled &#8211; Elisa Benini<\/b><\/em><\/p>\n<p>Untitled, 2023, work realised with Procreate. The pictorial research behind the work investigates the interaction between colour, form and sign in digital. The idea is based on the expression of movement and dynamism and combines attention and sensitivity to colour. The intention lies in the reinterpretation of nature through colour and the expression of the emotional impact it arouses.<\/p>\n\t\t\t\t\t\t\t\t<\/div>\n\t\t\t\t<\/div>\n\t\t\t\t<div class=\"elementor-element elementor-element-3e9b11a elementor-widget elementor-widget-image\" data-id=\"3e9b11a\" data-element_type=\"widget\" data-widget_type=\"image.default\">\n\t\t\t\t<div class=\"elementor-widget-container\">\n\t\t\t\t\t\t\t\t\t\t\t\t\t\t\t<img loading=\"lazy\" decoding=\"async\" width=\"500\" height=\"500\" src=\"https:\/\/easyfairsassets.com\/sites\/60\/2024\/04\/img-37.png\" class=\"attachment-large size-large wp-image-141870\" alt=\"\" srcset=\"https:\/\/easyfairsassets.com\/sites\/60\/2024\/04\/img-37.png 500w, https:\/\/easyfairsassets.com\/sites\/60\/2024\/04\/img-37-300x300.png 300w, https:\/\/easyfairsassets.com\/sites\/60\/2024\/04\/img-37-150x150.png 150w\" sizes=\"(max-width: 500px) 100vw, 500px\" \/>\t\t\t\t\t\t\t\t\t\t\t\t\t\t\t<\/div>\n\t\t\t\t<\/div>\n\t\t\t\t<div class=\"elementor-element elementor-element-72b6359 elementor-widget elementor-widget-text-editor\" data-id=\"72b6359\" data-element_type=\"widget\" data-widget_type=\"text-editor.default\">\n\t\t\t\t<div class=\"elementor-widget-container\">\n\t\t\t\t\t\t\t\t\t<p><em>Elisa Benini<\/em><\/p>\n<p>My name is Elisa Benini and I study at the Brera Academy of Fine Arts. At the Academy in Brescia, I attended the Digital Image Processing course taught by Vincenzo Marsiglia, where I experimented with digital media.<br \/>\nMy artistic production focuses on the result of sign, form and colour, using mostly oil techniques. The paintings are a mixture of colours inspired by the natural world and represent the dynamic motions of plant growth and development, conceived as a metaphor for the life cycle. The works depict places of memory and cannot be traced back to real places: they are images that arouse emotions experienced through memory.<\/p>\n\t\t\t\t\t\t\t\t<\/div>\n\t\t\t\t<\/div>\n\t\t\t\t<div class=\"elementor-element elementor-element-a3261f5 elementor-widget elementor-widget-image\" data-id=\"a3261f5\" data-element_type=\"widget\" data-widget_type=\"image.default\">\n\t\t\t\t<div class=\"elementor-widget-container\">\n\t\t\t\t\t\t\t\t\t\t\t\t\t\t\t<img loading=\"lazy\" decoding=\"async\" width=\"576\" height=\"1024\" src=\"https:\/\/easyfairsassets.com\/sites\/60\/2024\/04\/Elisa-Besozzi-opera-576x1024.jpg\" class=\"attachment-large size-large wp-image-141876\" alt=\"\" srcset=\"https:\/\/easyfairsassets.com\/sites\/60\/2024\/04\/Elisa-Besozzi-opera-576x1024.jpg 576w, https:\/\/easyfairsassets.com\/sites\/60\/2024\/04\/Elisa-Besozzi-opera-169x300.jpg 169w, https:\/\/easyfairsassets.com\/sites\/60\/2024\/04\/Elisa-Besozzi-opera.jpg 675w\" sizes=\"(max-width: 576px) 100vw, 576px\" \/>\t\t\t\t\t\t\t\t\t\t\t\t\t\t\t<\/div>\n\t\t\t\t<\/div>\n\t\t\t\t<div class=\"elementor-element elementor-element-ad625c0 elementor-widget elementor-widget-text-editor\" data-id=\"ad625c0\" data-element_type=\"widget\" data-widget_type=\"text-editor.default\">\n\t\t\t\t<div class=\"elementor-widget-container\">\n\t\t\t\t\t\t\t\t\t<p><em><b>THE DANCE TAKES PLACE IN THE CYCLICAL NATURE OF COLOR &#8211; Elisa Besozzi<\/b><\/em><\/p>\n<p>The digital painting stems from the idea of a new dimension, where amorphous forms are generated by a set of movements. The main concept is dance, which flows from the choreography and the moving figure to a less defined form that generates a subject-object, creating a sensation of sculptural geometry. The final step is a metamorphosis, where we move towards change through maturation, progressing from simpler forms to more complex ones. The cycle composes a continuous work, like the same process that is evolving without ever reaching an actual completion, instead remaining in a continuous loop.<\/p>\n\t\t\t\t\t\t\t\t<\/div>\n\t\t\t\t<\/div>\n\t\t\t\t<div class=\"elementor-element elementor-element-2514286 elementor-widget elementor-widget-image\" data-id=\"2514286\" data-element_type=\"widget\" data-widget_type=\"image.default\">\n\t\t\t\t<div class=\"elementor-widget-container\">\n\t\t\t\t\t\t\t\t\t\t\t\t\t\t\t<img loading=\"lazy\" decoding=\"async\" width=\"500\" height=\"500\" src=\"https:\/\/easyfairsassets.com\/sites\/60\/2024\/04\/img-38.png\" class=\"attachment-large size-large wp-image-141878\" alt=\"\" srcset=\"https:\/\/easyfairsassets.com\/sites\/60\/2024\/04\/img-38.png 500w, https:\/\/easyfairsassets.com\/sites\/60\/2024\/04\/img-38-300x300.png 300w, https:\/\/easyfairsassets.com\/sites\/60\/2024\/04\/img-38-150x150.png 150w\" sizes=\"(max-width: 500px) 100vw, 500px\" \/>\t\t\t\t\t\t\t\t\t\t\t\t\t\t\t<\/div>\n\t\t\t\t<\/div>\n\t\t\t\t<div class=\"elementor-element elementor-element-f71b7b4 elementor-widget elementor-widget-text-editor\" data-id=\"f71b7b4\" data-element_type=\"widget\" data-widget_type=\"text-editor.default\">\n\t\t\t\t<div class=\"elementor-widget-container\">\n\t\t\t\t\t\t\t\t\t<p><em>Elisa Besozzi<\/em><\/p>\n<p>Elisa Besozzi (2001) graduated from the Visual Arts Department at the SantaGiulia Academy of Fine Arts in Brescia with a major in Painting. Since a young age, she has been passionate about art and dance, which manifest themselves in her works by creating special scenic and sensory effects. The themes of ballet, theatre and cinema are often found in her pieces. In her artistic career, she is currently experimenting with the use of various techniques and technologies including plasticine, epoxy resin and digital painting. The central concept is to \u201cgive life\u201d to the painting in order to emphasise the work through the use of other materials and mediums.<\/p>\n\t\t\t\t\t\t\t\t<\/div>\n\t\t\t\t<\/div>\n\t\t\t\t<div class=\"elementor-element elementor-element-8b2393b elementor-widget elementor-widget-image\" data-id=\"8b2393b\" data-element_type=\"widget\" data-widget_type=\"image.default\">\n\t\t\t\t<div class=\"elementor-widget-container\">\n\t\t\t\t\t\t\t\t\t\t\t\t\t\t\t<img loading=\"lazy\" decoding=\"async\" width=\"800\" height=\"450\" src=\"https:\/\/easyfairsassets.com\/sites\/60\/2024\/04\/Emanuele-Andreis-Elisa-Pistoni-foto-opera.png\" class=\"attachment-large size-large wp-image-141884\" alt=\"\" srcset=\"https:\/\/easyfairsassets.com\/sites\/60\/2024\/04\/Emanuele-Andreis-Elisa-Pistoni-foto-opera.png 1200w, https:\/\/easyfairsassets.com\/sites\/60\/2024\/04\/Emanuele-Andreis-Elisa-Pistoni-foto-opera-300x169.png 300w, https:\/\/easyfairsassets.com\/sites\/60\/2024\/04\/Emanuele-Andreis-Elisa-Pistoni-foto-opera-768x432.png 768w\" sizes=\"(max-width: 800px) 100vw, 800px\" \/>\t\t\t\t\t\t\t\t\t\t\t\t\t\t\t<\/div>\n\t\t\t\t<\/div>\n\t\t\t\t<div class=\"elementor-element elementor-element-ee389b3 elementor-widget elementor-widget-text-editor\" data-id=\"ee389b3\" data-element_type=\"widget\" data-widget_type=\"text-editor.default\">\n\t\t\t\t<div class=\"elementor-widget-container\">\n\t\t\t\t\t\t\t\t\t<p><em><b>Project Exstinctio &#8211; Act 0 &#8211; Elisa Pistoni and Emanuele Andreis<\/b><\/em><\/p>\n<p>The video presented is a digital re-proposition of the previous work Project Exstinctio &#8211; Act 0.<br \/>\nThree insects with garish metallic colours rotate on themselves. Ostensibly embellished, they lose their repellent nature, becoming lifeless and unrealistic ornaments. The intention is to emphasise how violence and misinformation are rampant in everyday life through a bombardment of \u201cimages\u201d that sweetens and anaesthetises them, allowing appearances to rule in a melting pot where it is difficult to distinguish reality from fiction.<\/p>\n\t\t\t\t\t\t\t\t<\/div>\n\t\t\t\t<\/div>\n\t\t\t\t<div class=\"elementor-element elementor-element-a3bec3e elementor-widget elementor-widget-image\" data-id=\"a3bec3e\" data-element_type=\"widget\" data-widget_type=\"image.default\">\n\t\t\t\t<div class=\"elementor-widget-container\">\n\t\t\t\t\t\t\t\t\t\t\t\t\t\t\t<img loading=\"lazy\" decoding=\"async\" width=\"500\" height=\"500\" src=\"https:\/\/easyfairsassets.com\/sites\/60\/2024\/04\/img-39.png\" class=\"attachment-large size-large wp-image-141888\" alt=\"\" srcset=\"https:\/\/easyfairsassets.com\/sites\/60\/2024\/04\/img-39.png 500w, https:\/\/easyfairsassets.com\/sites\/60\/2024\/04\/img-39-300x300.png 300w, https:\/\/easyfairsassets.com\/sites\/60\/2024\/04\/img-39-150x150.png 150w\" sizes=\"(max-width: 500px) 100vw, 500px\" \/>\t\t\t\t\t\t\t\t\t\t\t\t\t\t\t<\/div>\n\t\t\t\t<\/div>\n\t\t\t\t<div class=\"elementor-element elementor-element-633a1b5 elementor-widget elementor-widget-text-editor\" data-id=\"633a1b5\" data-element_type=\"widget\" data-widget_type=\"text-editor.default\">\n\t\t\t\t<div class=\"elementor-widget-container\">\n\t\t\t\t\t\t\t\t\t<p><em>Elisa Pistoni<\/em><\/p>\n<p>Elisa Pistoni is an artist who was born on 11 February 2000 in Peschiera del Garda. She graduated in 2023 from the SantaGiulia Academy of Fine Arts in Brescia with a three-year degree in Painting. She is currently studying at the Albertina Academy of Fine Arts in Turin to complete her master\u2019s degree.<br \/>\nHer research revolves around the knowledge of herself and her emotions. She maintains a strong link with the figurative image of the body and with anatomy, while attempting to escape it through the addition of matter in the paintings and the use of strong signs.<\/p>\n\t\t\t\t\t\t\t\t<\/div>\n\t\t\t\t<\/div>\n\t\t\t\t<div class=\"elementor-element elementor-element-19eef73 elementor-widget elementor-widget-image\" data-id=\"19eef73\" data-element_type=\"widget\" data-widget_type=\"image.default\">\n\t\t\t\t<div class=\"elementor-widget-container\">\n\t\t\t\t\t\t\t\t\t\t\t\t\t\t\t<img loading=\"lazy\" decoding=\"async\" width=\"500\" height=\"500\" src=\"https:\/\/easyfairsassets.com\/sites\/60\/2024\/04\/img-40.png\" class=\"attachment-large size-large wp-image-141890\" alt=\"\" srcset=\"https:\/\/easyfairsassets.com\/sites\/60\/2024\/04\/img-40.png 500w, https:\/\/easyfairsassets.com\/sites\/60\/2024\/04\/img-40-300x300.png 300w, https:\/\/easyfairsassets.com\/sites\/60\/2024\/04\/img-40-150x150.png 150w\" sizes=\"(max-width: 500px) 100vw, 500px\" \/>\t\t\t\t\t\t\t\t\t\t\t\t\t\t\t<\/div>\n\t\t\t\t<\/div>\n\t\t\t\t<div class=\"elementor-element elementor-element-3654890 elementor-widget elementor-widget-text-editor\" data-id=\"3654890\" data-element_type=\"widget\" data-widget_type=\"text-editor.default\">\n\t\t\t\t<div class=\"elementor-widget-container\">\n\t\t\t\t\t\t\t\t\t<p><em>Emanuele Andreis<\/em><\/p>\n<p>I was born in Desenzano del Garda on 9 February 2000. After graduating from the three-year course in Sculpture at the SantaGiulia Academy of Fine Arts in Brescia, I am now attending the master\u2019s degree course in Sculpture at the Albertina Academy of Fine Arts in Turin.<br \/>\nDigging introspectively to give tendentially figurative form to inner turmoil and experience, providing a key to interpreting phenomena and the world we inhabit: this sums up my research in a nutshell.<\/p>\n\t\t\t\t\t\t\t\t<\/div>\n\t\t\t\t<\/div>\n\t\t\t\t<div class=\"elementor-element elementor-element-898bb73 elementor-widget elementor-widget-image\" data-id=\"898bb73\" data-element_type=\"widget\" data-widget_type=\"image.default\">\n\t\t\t\t<div class=\"elementor-widget-container\">\n\t\t\t\t\t\t\t\t\t\t\t\t\t\t\t<img loading=\"lazy\" decoding=\"async\" width=\"724\" height=\"1024\" src=\"https:\/\/easyfairsassets.com\/sites\/60\/2024\/04\/Federica-Rovere-foto-opera-724x1024.jpg\" class=\"attachment-large size-large wp-image-141892\" alt=\"\" srcset=\"https:\/\/easyfairsassets.com\/sites\/60\/2024\/04\/Federica-Rovere-foto-opera-724x1024.jpg 724w, https:\/\/easyfairsassets.com\/sites\/60\/2024\/04\/Federica-Rovere-foto-opera-212x300.jpg 212w, https:\/\/easyfairsassets.com\/sites\/60\/2024\/04\/Federica-Rovere-foto-opera-768x1086.jpg 768w, https:\/\/easyfairsassets.com\/sites\/60\/2024\/04\/Federica-Rovere-foto-opera.jpg 849w\" sizes=\"(max-width: 724px) 100vw, 724px\" \/>\t\t\t\t\t\t\t\t\t\t\t\t\t\t\t<\/div>\n\t\t\t\t<\/div>\n\t\t\t\t<div class=\"elementor-element elementor-element-3bf7f27 elementor-widget elementor-widget-text-editor\" data-id=\"3bf7f27\" data-element_type=\"widget\" data-widget_type=\"text-editor.default\">\n\t\t\t\t<div class=\"elementor-widget-container\">\n\t\t\t\t\t\t\t\t\t<p><em><b>RH-2077 &#8211; Federica Rovere<\/b><\/em><\/p>\n<p>What would cyborgs look like if they existed? What would humans feel when faced with such creatures? These are two of the questions I ask myself when creating my works. My vision of cyborgs is one of seemingly human figures, but characterised by certain aspects that show their mixed organic and inorganic nature. In creating this digital painting, I was inspired by the inexpressiveness of mannequins and their plastic \u201cskin\u201d.<\/p>\n\t\t\t\t\t\t\t\t<\/div>\n\t\t\t\t<\/div>\n\t\t\t\t<div class=\"elementor-element elementor-element-bb15183 elementor-widget elementor-widget-image\" data-id=\"bb15183\" data-element_type=\"widget\" data-widget_type=\"image.default\">\n\t\t\t\t<div class=\"elementor-widget-container\">\n\t\t\t\t\t\t\t\t\t\t\t\t\t\t\t<img loading=\"lazy\" decoding=\"async\" width=\"500\" height=\"500\" src=\"https:\/\/easyfairsassets.com\/sites\/60\/2024\/04\/img-41.png\" class=\"attachment-large size-large wp-image-141896\" alt=\"\" srcset=\"https:\/\/easyfairsassets.com\/sites\/60\/2024\/04\/img-41.png 500w, https:\/\/easyfairsassets.com\/sites\/60\/2024\/04\/img-41-300x300.png 300w, https:\/\/easyfairsassets.com\/sites\/60\/2024\/04\/img-41-150x150.png 150w\" sizes=\"(max-width: 500px) 100vw, 500px\" \/>\t\t\t\t\t\t\t\t\t\t\t\t\t\t\t<\/div>\n\t\t\t\t<\/div>\n\t\t\t\t<div class=\"elementor-element elementor-element-c09f341 elementor-widget elementor-widget-text-editor\" data-id=\"c09f341\" data-element_type=\"widget\" data-widget_type=\"text-editor.default\">\n\t\t\t\t<div class=\"elementor-widget-container\">\n\t\t\t\t\t\t\t\t\t<p><em>Federica Rovere<\/em><\/p>\n<p>Nata a Como nel 2002, Federica Rovere \u00e8 una giovane artista attualmente studentessa dell\u2019Accademia di Belle Arti Aldo Galli di Como. Dopo aver frequentato il liceo artistico Gaudenzio Ferrari di Morbegno, ha deciso di continuare gli studi scegliendo il percorso di Pittura e Linguaggi Visivi. Ha partecipato al premio Aldo Galli del 2022 e del 2023. Ha anche preso parte al progetto &#8220;La Grande Bellezza&#8221; indetto da Synlab di Como.<\/p>\n\t\t\t\t\t\t\t\t<\/div>\n\t\t\t\t<\/div>\n\t\t\t\t<div class=\"elementor-element elementor-element-dbdb6bd elementor-widget elementor-widget-image\" data-id=\"dbdb6bd\" data-element_type=\"widget\" data-widget_type=\"image.default\">\n\t\t\t\t<div class=\"elementor-widget-container\">\n\t\t\t\t\t\t\t\t\t\t\t\t\t\t\t<img loading=\"lazy\" decoding=\"async\" width=\"579\" height=\"1024\" src=\"https:\/\/easyfairsassets.com\/sites\/60\/2024\/04\/Francesco-Salvi-foto-opera-579x1024.jpg\" class=\"attachment-large size-large wp-image-142831\" alt=\"\" srcset=\"https:\/\/easyfairsassets.com\/sites\/60\/2024\/04\/Francesco-Salvi-foto-opera-579x1024.jpg 579w, https:\/\/easyfairsassets.com\/sites\/60\/2024\/04\/Francesco-Salvi-foto-opera-170x300.jpg 170w, https:\/\/easyfairsassets.com\/sites\/60\/2024\/04\/Francesco-Salvi-foto-opera.jpg 678w\" sizes=\"(max-width: 579px) 100vw, 579px\" \/>\t\t\t\t\t\t\t\t\t\t\t\t\t\t\t<\/div>\n\t\t\t\t<\/div>\n\t\t\t\t<div class=\"elementor-element elementor-element-5a6fa17 elementor-widget elementor-widget-text-editor\" data-id=\"5a6fa17\" data-element_type=\"widget\" data-widget_type=\"text-editor.default\">\n\t\t\t\t<div class=\"elementor-widget-container\">\n\t\t\t\t\t\t\t\t\t<p><em><b>Domenica &#8211; Francesco Salvi<\/b><\/em><\/p>\n<p>The work is developed on three levels: photographic, paper and, lastly, digital.<br \/>\nThe intention is to tell the story of the places I love to frequent, making them recognisable, but also giving them a personal touch, to emphasise an emotional bond.<br \/>\nIn this case, I created a path within the forest, starting with an open view, and then arriving at a single, small detail. I also combined the images with the natural sounds from those woods.<\/p>\n\t\t\t\t\t\t\t\t<\/div>\n\t\t\t\t<\/div>\n\t\t\t\t<div class=\"elementor-element elementor-element-06a3f9c elementor-widget elementor-widget-image\" data-id=\"06a3f9c\" data-element_type=\"widget\" data-widget_type=\"image.default\">\n\t\t\t\t<div class=\"elementor-widget-container\">\n\t\t\t\t\t\t\t\t\t\t\t\t\t\t\t<img loading=\"lazy\" decoding=\"async\" width=\"800\" height=\"831\" src=\"https:\/\/easyfairsassets.com\/sites\/60\/2024\/04\/Francesco-Salvi-foto-personale-986x1024.jpg\" class=\"attachment-large size-large wp-image-142833\" alt=\"\" srcset=\"https:\/\/easyfairsassets.com\/sites\/60\/2024\/04\/Francesco-Salvi-foto-personale-986x1024.jpg 986w, https:\/\/easyfairsassets.com\/sites\/60\/2024\/04\/Francesco-Salvi-foto-personale-289x300.jpg 289w, https:\/\/easyfairsassets.com\/sites\/60\/2024\/04\/Francesco-Salvi-foto-personale-768x797.jpg 768w, https:\/\/easyfairsassets.com\/sites\/60\/2024\/04\/Francesco-Salvi-foto-personale.jpg 1156w\" sizes=\"(max-width: 800px) 100vw, 800px\" \/>\t\t\t\t\t\t\t\t\t\t\t\t\t\t\t<\/div>\n\t\t\t\t<\/div>\n\t\t\t\t<div class=\"elementor-element elementor-element-b8da2e7 elementor-widget elementor-widget-text-editor\" data-id=\"b8da2e7\" data-element_type=\"widget\" data-widget_type=\"text-editor.default\">\n\t\t\t\t<div class=\"elementor-widget-container\">\n\t\t\t\t\t\t\t\t\t<p><em>Francesco Salvi<\/em><\/p>\n<p>My name is Francesco Salvi, I\u2019m 21 years old and currently attending the third year of the painting course at the SantaGiulia Academy in Brescia, the city where I was born and where I live.<br \/>\nBefore embarking on this educational journey, I attended a language school, but around the age of 17 I began to develop an interest in art, becoming more and more enamoured with it from that moment on. Over recent years, I have formed a strong passion for oil and watercolour painting, but also for illustration.<\/p>\n\t\t\t\t\t\t\t\t<\/div>\n\t\t\t\t<\/div>\n\t\t\t\t<div class=\"elementor-element elementor-element-c251694 elementor-widget elementor-widget-image\" data-id=\"c251694\" data-element_type=\"widget\" data-widget_type=\"image.default\">\n\t\t\t\t<div class=\"elementor-widget-container\">\n\t\t\t\t\t\t\t\t\t\t\t\t\t\t\t<img loading=\"lazy\" decoding=\"async\" width=\"576\" height=\"1024\" src=\"https:\/\/easyfairsassets.com\/sites\/60\/2024\/04\/Giorgia-Gironi-foto-opera-576x1024.png\" class=\"attachment-large size-large wp-image-141902\" alt=\"\" srcset=\"https:\/\/easyfairsassets.com\/sites\/60\/2024\/04\/Giorgia-Gironi-foto-opera-576x1024.png 576w, https:\/\/easyfairsassets.com\/sites\/60\/2024\/04\/Giorgia-Gironi-foto-opera-169x300.png 169w, https:\/\/easyfairsassets.com\/sites\/60\/2024\/04\/Giorgia-Gironi-foto-opera.png 675w\" sizes=\"(max-width: 576px) 100vw, 576px\" \/>\t\t\t\t\t\t\t\t\t\t\t\t\t\t\t<\/div>\n\t\t\t\t<\/div>\n\t\t\t\t<div class=\"elementor-element elementor-element-db48192 elementor-widget elementor-widget-text-editor\" data-id=\"db48192\" data-element_type=\"widget\" data-widget_type=\"text-editor.default\">\n\t\t\t\t<div class=\"elementor-widget-container\">\n\t\t\t\t\t\t\t\t\t<p><em><b>Leggimi &#8211; Giorgia Gironi<\/b><\/em><\/p>\n<p>Leggimi (Read Me) explores the role of facial micro-expressions as a revelation of an inner feeling triggered in response to certain situations encountered by the individual. This feedback, produced involuntarily by the facial muscles, cannot be prevented or simulated, so it is authentic. By means of slowed-down digital animation, the work aims to show the manifestations of different moods that occur very quickly in reality.<\/p>\n\t\t\t\t\t\t\t\t<\/div>\n\t\t\t\t<\/div>\n\t\t\t\t<div class=\"elementor-element elementor-element-be46998 elementor-widget elementor-widget-image\" data-id=\"be46998\" data-element_type=\"widget\" data-widget_type=\"image.default\">\n\t\t\t\t<div class=\"elementor-widget-container\">\n\t\t\t\t\t\t\t\t\t\t\t\t\t\t\t<img loading=\"lazy\" decoding=\"async\" width=\"500\" height=\"500\" src=\"https:\/\/easyfairsassets.com\/sites\/60\/2024\/04\/img-42.png\" class=\"attachment-large size-large wp-image-141904\" alt=\"\" srcset=\"https:\/\/easyfairsassets.com\/sites\/60\/2024\/04\/img-42.png 500w, https:\/\/easyfairsassets.com\/sites\/60\/2024\/04\/img-42-300x300.png 300w, https:\/\/easyfairsassets.com\/sites\/60\/2024\/04\/img-42-150x150.png 150w\" sizes=\"(max-width: 500px) 100vw, 500px\" \/>\t\t\t\t\t\t\t\t\t\t\t\t\t\t\t<\/div>\n\t\t\t\t<\/div>\n\t\t\t\t<div class=\"elementor-element elementor-element-c140960 elementor-widget elementor-widget-text-editor\" data-id=\"c140960\" data-element_type=\"widget\" data-widget_type=\"text-editor.default\">\n\t\t\t\t<div class=\"elementor-widget-container\">\n\t\t\t\t\t\t\t\t\t<p><em>Giorgia Gironi<\/em><\/p>\n<p>Born in Milan on 25 September 2001, Giorgia currently divides her time between Bergamo and Brescia and attends the painting course at the SantaGiulia Academy of Fine Arts. Her artistic research is strongly influenced by her previous studies at the P. Secco Suardo human sciences high school in Bergamo, as it focuses mainly on psychological themes, with a desire to explore people\u2019s mental space, encompassing moods, thoughts and attitudes.<\/p>\n\t\t\t\t\t\t\t\t<\/div>\n\t\t\t\t<\/div>\n\t\t\t\t<div class=\"elementor-element elementor-element-8e841b2 elementor-widget elementor-widget-image\" data-id=\"8e841b2\" data-element_type=\"widget\" data-widget_type=\"image.default\">\n\t\t\t\t<div class=\"elementor-widget-container\">\n\t\t\t\t\t\t\t\t\t\t\t\t\t\t\t<img loading=\"lazy\" decoding=\"async\" width=\"768\" height=\"1024\" src=\"https:\/\/easyfairsassets.com\/sites\/60\/2024\/04\/Giulia-Laurenzi-foto-opera-768x1024.png\" class=\"attachment-large size-large wp-image-141906\" alt=\"\" srcset=\"https:\/\/easyfairsassets.com\/sites\/60\/2024\/04\/Giulia-Laurenzi-foto-opera-768x1024.png 768w, https:\/\/easyfairsassets.com\/sites\/60\/2024\/04\/Giulia-Laurenzi-foto-opera-225x300.png 225w, https:\/\/easyfairsassets.com\/sites\/60\/2024\/04\/Giulia-Laurenzi-foto-opera.png 900w\" sizes=\"(max-width: 768px) 100vw, 768px\" \/>\t\t\t\t\t\t\t\t\t\t\t\t\t\t\t<\/div>\n\t\t\t\t<\/div>\n\t\t\t\t<div class=\"elementor-element elementor-element-e8b6b82 elementor-widget elementor-widget-text-editor\" data-id=\"e8b6b82\" data-element_type=\"widget\" data-widget_type=\"text-editor.default\">\n\t\t\t\t<div class=\"elementor-widget-container\">\n\t\t\t\t\t\t\t\t\t<p><em><b>See the future &#8211; Giulia Laurenzi<\/b><\/em><\/p>\n<p>The work stems from a photograph of mine in which I wanted to merge the ancient, characterised by magic and mystery, with the modern, conveyed using the video element. The latter becomes part of the work as an element of divination, coming alive while the rest of the work remains static. The remainder of the picture remains suspended and at times fairy-tale-like, thanks in part to the subject matter, which is inspired by the figure of the witch, particularly from northern European folklore.<\/p>\n\t\t\t\t\t\t\t\t<\/div>\n\t\t\t\t<\/div>\n\t\t\t\t<div class=\"elementor-element elementor-element-c3d0609 elementor-widget elementor-widget-image\" data-id=\"c3d0609\" data-element_type=\"widget\" data-widget_type=\"image.default\">\n\t\t\t\t<div class=\"elementor-widget-container\">\n\t\t\t\t\t\t\t\t\t\t\t\t\t\t\t<img loading=\"lazy\" decoding=\"async\" width=\"500\" height=\"500\" src=\"https:\/\/easyfairsassets.com\/sites\/60\/2024\/04\/img-43.png\" class=\"attachment-large size-large wp-image-141917\" alt=\"\" srcset=\"https:\/\/easyfairsassets.com\/sites\/60\/2024\/04\/img-43.png 500w, https:\/\/easyfairsassets.com\/sites\/60\/2024\/04\/img-43-300x300.png 300w, https:\/\/easyfairsassets.com\/sites\/60\/2024\/04\/img-43-150x150.png 150w\" sizes=\"(max-width: 500px) 100vw, 500px\" \/>\t\t\t\t\t\t\t\t\t\t\t\t\t\t\t<\/div>\n\t\t\t\t<\/div>\n\t\t\t\t<div class=\"elementor-element elementor-element-2bb3890 elementor-widget elementor-widget-text-editor\" data-id=\"2bb3890\" data-element_type=\"widget\" data-widget_type=\"text-editor.default\">\n\t\t\t\t<div class=\"elementor-widget-container\">\n\t\t\t\t\t\t\t\t\t<p><em>Giulia Laurenzi<\/em><\/p>\n<p>Giulia Laurenzi nasce in un piccolo paese in provincia di Como. Frequenta il Liceo artistico Ferrari di Morbegno e successivamente prosegue la sua formazione presso l\u2019Accademia di pittura e linguaggi visivi Aldo Galli di Como. Lavora principalmente tramite il media fotografico con cui realizza immagini ispirate allo scenario gotico, dove \u00e8 spesso presente il tema della mortalit\u00e0, anche grazie a fondali provenienti da elementi naturalistici o elementi urbex.<\/p>\n\t\t\t\t\t\t\t\t<\/div>\n\t\t\t\t<\/div>\n\t\t\t\t<div class=\"elementor-element elementor-element-ff81c5a elementor-widget elementor-widget-image\" data-id=\"ff81c5a\" data-element_type=\"widget\" data-widget_type=\"image.default\">\n\t\t\t\t<div class=\"elementor-widget-container\">\n\t\t\t\t\t\t\t\t\t\t\t\t\t\t\t<img loading=\"lazy\" decoding=\"async\" width=\"576\" height=\"1024\" src=\"https:\/\/easyfairsassets.com\/sites\/60\/2024\/04\/Laura-Combini-foto-opera-576x1024.png\" class=\"attachment-large size-large wp-image-141923\" alt=\"\" srcset=\"https:\/\/easyfairsassets.com\/sites\/60\/2024\/04\/Laura-Combini-foto-opera-576x1024.png 576w, https:\/\/easyfairsassets.com\/sites\/60\/2024\/04\/Laura-Combini-foto-opera-169x300.png 169w, https:\/\/easyfairsassets.com\/sites\/60\/2024\/04\/Laura-Combini-foto-opera.png 675w\" sizes=\"(max-width: 576px) 100vw, 576px\" \/>\t\t\t\t\t\t\t\t\t\t\t\t\t\t\t<\/div>\n\t\t\t\t<\/div>\n\t\t\t\t<div class=\"elementor-element elementor-element-083833c elementor-widget elementor-widget-text-editor\" data-id=\"083833c\" data-element_type=\"widget\" data-widget_type=\"text-editor.default\">\n\t\t\t\t<div class=\"elementor-widget-container\">\n\t\t\t\t\t\t\t\t\t<p><em><b>Illusion &#8211; Laura Combini<\/b><\/em><\/p>\n<p>Illusion is a work created with Adobe Photoshop. It is the encounter between digital and material. The textures of the fabrics are arranged in such a way as to create three-dimensionality, with the lightest weave in the centre, becoming heavier towards the sides. The photographs are arranged according to the rule of light and dark, within a pattern repeating the same \u201cS\u201d motif.<\/p>\n\t\t\t\t\t\t\t\t<\/div>\n\t\t\t\t<\/div>\n\t\t\t\t<div class=\"elementor-element elementor-element-bfd7f00 elementor-widget elementor-widget-image\" data-id=\"bfd7f00\" data-element_type=\"widget\" data-widget_type=\"image.default\">\n\t\t\t\t<div class=\"elementor-widget-container\">\n\t\t\t\t\t\t\t\t\t\t\t\t\t\t\t<img loading=\"lazy\" decoding=\"async\" width=\"500\" height=\"500\" src=\"https:\/\/easyfairsassets.com\/sites\/60\/2024\/04\/img-44.png\" class=\"attachment-large size-large wp-image-141925\" alt=\"Laura Combini\" srcset=\"https:\/\/easyfairsassets.com\/sites\/60\/2024\/04\/img-44.png 500w, https:\/\/easyfairsassets.com\/sites\/60\/2024\/04\/img-44-300x300.png 300w, https:\/\/easyfairsassets.com\/sites\/60\/2024\/04\/img-44-150x150.png 150w\" sizes=\"(max-width: 500px) 100vw, 500px\" \/>\t\t\t\t\t\t\t\t\t\t\t\t\t\t\t<\/div>\n\t\t\t\t<\/div>\n\t\t\t\t<div class=\"elementor-element elementor-element-2f1dd83 elementor-widget elementor-widget-text-editor\" data-id=\"2f1dd83\" data-element_type=\"widget\" data-widget_type=\"text-editor.default\">\n\t\t\t\t<div class=\"elementor-widget-container\">\n\t\t\t\t\t\t\t\t\t<p><em>Laura Combini<\/em><\/p>\n<p>Before enrolling at the academy, I attended the Maffeo Olivieri art school in Brescia. A passion for art has always been a focal point in my family and in my life. This dedication has led me to experiment and create not only paintings but also to design objects with iron and steel, a project I started this year that will hopefully last a lifetime.<\/p>\n\t\t\t\t\t\t\t\t<\/div>\n\t\t\t\t<\/div>\n\t\t\t\t<div class=\"elementor-element elementor-element-830a702 elementor-widget elementor-widget-image\" data-id=\"830a702\" data-element_type=\"widget\" data-widget_type=\"image.default\">\n\t\t\t\t<div class=\"elementor-widget-container\">\n\t\t\t\t\t\t\t\t\t\t\t\t\t\t\t<img loading=\"lazy\" decoding=\"async\" width=\"800\" height=\"800\" src=\"https:\/\/easyfairsassets.com\/sites\/60\/2024\/04\/Marco-Quinzanini-foto-opera-1024x1024.jpg\" class=\"attachment-large size-large wp-image-141927\" alt=\"\" srcset=\"https:\/\/easyfairsassets.com\/sites\/60\/2024\/04\/Marco-Quinzanini-foto-opera-1024x1024.jpg 1024w, https:\/\/easyfairsassets.com\/sites\/60\/2024\/04\/Marco-Quinzanini-foto-opera-300x300.jpg 300w, https:\/\/easyfairsassets.com\/sites\/60\/2024\/04\/Marco-Quinzanini-foto-opera-150x150.jpg 150w, https:\/\/easyfairsassets.com\/sites\/60\/2024\/04\/Marco-Quinzanini-foto-opera-768x768.jpg 768w, https:\/\/easyfairsassets.com\/sites\/60\/2024\/04\/Marco-Quinzanini-foto-opera.jpg 1200w\" sizes=\"(max-width: 800px) 100vw, 800px\" \/>\t\t\t\t\t\t\t\t\t\t\t\t\t\t\t<\/div>\n\t\t\t\t<\/div>\n\t\t\t\t<div class=\"elementor-element elementor-element-ba689e9 elementor-widget elementor-widget-text-editor\" data-id=\"ba689e9\" data-element_type=\"widget\" data-widget_type=\"text-editor.default\">\n\t\t\t\t<div class=\"elementor-widget-container\">\n\t\t\t\t\t\t\t\t\t<p><em><b>PROSOPAGNOSIA &#8211; Marco Quinzanini<\/b><\/em><\/p>\n<p>The loop consists of frames of abstract portraits, created by adding parts of different faces, bound together in the production of new identities. The title alludes to the impairment of the same name, whereby sufferers have difficulty recognising the faces they encounter and end up mixing up the identities they know. The faces are quickly repeated, and despite having a given number of faces, each frame seems to show a different person from those previously seen.<\/p>\n\t\t\t\t\t\t\t\t<\/div>\n\t\t\t\t<\/div>\n\t\t\t\t<div class=\"elementor-element elementor-element-e37b21a elementor-widget elementor-widget-image\" data-id=\"e37b21a\" data-element_type=\"widget\" data-widget_type=\"image.default\">\n\t\t\t\t<div class=\"elementor-widget-container\">\n\t\t\t\t\t\t\t\t\t\t\t\t\t\t\t<img loading=\"lazy\" decoding=\"async\" width=\"500\" height=\"500\" src=\"https:\/\/easyfairsassets.com\/sites\/60\/2024\/04\/img-45.png\" class=\"attachment-large size-large wp-image-141929\" alt=\"\" srcset=\"https:\/\/easyfairsassets.com\/sites\/60\/2024\/04\/img-45.png 500w, https:\/\/easyfairsassets.com\/sites\/60\/2024\/04\/img-45-300x300.png 300w, https:\/\/easyfairsassets.com\/sites\/60\/2024\/04\/img-45-150x150.png 150w\" sizes=\"(max-width: 500px) 100vw, 500px\" \/>\t\t\t\t\t\t\t\t\t\t\t\t\t\t\t<\/div>\n\t\t\t\t<\/div>\n\t\t\t\t<div class=\"elementor-element elementor-element-394ac63 elementor-widget elementor-widget-text-editor\" data-id=\"394ac63\" data-element_type=\"widget\" data-widget_type=\"text-editor.default\">\n\t\t\t\t<div class=\"elementor-widget-container\">\n\t\t\t\t\t\t\t\t\t<p><em>Marco Quinzanini<\/em><\/p>\n<p>Marco Quinzanini (aka Original JNKM) was born in 2001. He is an artist from Brescia who conducts artistic research that culminates in the production of works dealing with disparate themes, where Humankind, his favourite subject, is the victim of an aesthetic \u201cmonstrification\u201d that deforms and alters.<br \/>\nHe graduated in 2020 from the Maffeo Olivieri Art School; in 2023 he graduated from the Painting course at the Santa Giulia Academy in Brescia.<br \/>\nHe is still studying at the Santa Giulia Academy today.<\/p>\n\t\t\t\t\t\t\t\t<\/div>\n\t\t\t\t<\/div>\n\t\t\t\t<div class=\"elementor-element elementor-element-70a7be0 elementor-widget elementor-widget-image\" data-id=\"70a7be0\" data-element_type=\"widget\" data-widget_type=\"image.default\">\n\t\t\t\t<div class=\"elementor-widget-container\">\n\t\t\t\t\t\t\t\t\t\t\t\t\t\t\t<img loading=\"lazy\" decoding=\"async\" width=\"800\" height=\"602\" src=\"https:\/\/easyfairsassets.com\/sites\/60\/2024\/04\/Mariasole-Gnutti-foto-opera.jpg\" class=\"attachment-large size-large wp-image-141931\" alt=\"\" srcset=\"https:\/\/easyfairsassets.com\/sites\/60\/2024\/04\/Mariasole-Gnutti-foto-opera.jpg 1200w, https:\/\/easyfairsassets.com\/sites\/60\/2024\/04\/Mariasole-Gnutti-foto-opera-300x226.jpg 300w, https:\/\/easyfairsassets.com\/sites\/60\/2024\/04\/Mariasole-Gnutti-foto-opera-768x578.jpg 768w\" sizes=\"(max-width: 800px) 100vw, 800px\" \/>\t\t\t\t\t\t\t\t\t\t\t\t\t\t\t<\/div>\n\t\t\t\t<\/div>\n\t\t\t\t<div class=\"elementor-element elementor-element-6b74b5e elementor-widget elementor-widget-text-editor\" data-id=\"6b74b5e\" data-element_type=\"widget\" data-widget_type=\"text-editor.default\">\n\t\t\t\t<div class=\"elementor-widget-container\">\n\t\t\t\t\t\t\t\t\t<p><em><b>Serafino &#8211; Mariasole Gnutti<\/b><\/em><\/p>\n<p>&#8220;The name Seraphim clearly indicates their ceaseless and eternal revolution about Divine Principles&#8221; (Dionysius, De coelesti hierarchia). Gnutti created a looped video animation starting with the creation of the symbolic image of an Angel\u2019s face around which his Attributes revolve, in the generation of a continuous and hypnotic movement. The elements of the work were digitally produced using Procreate and Alight Motion. The audio is derived from the sound made by running a finger around the rim of a crystal glass, in line with the idea of circularity, repetition and purity of the theme addressed.<\/p>\n\t\t\t\t\t\t\t\t<\/div>\n\t\t\t\t<\/div>\n\t\t\t\t<div class=\"elementor-element elementor-element-ec3ebd5 elementor-widget elementor-widget-image\" data-id=\"ec3ebd5\" data-element_type=\"widget\" data-widget_type=\"image.default\">\n\t\t\t\t<div class=\"elementor-widget-container\">\n\t\t\t\t\t\t\t\t\t\t\t\t\t\t\t<img loading=\"lazy\" decoding=\"async\" width=\"500\" height=\"500\" src=\"https:\/\/easyfairsassets.com\/sites\/60\/2024\/04\/img-46.png\" class=\"attachment-large size-large wp-image-141933\" alt=\"\" srcset=\"https:\/\/easyfairsassets.com\/sites\/60\/2024\/04\/img-46.png 500w, https:\/\/easyfairsassets.com\/sites\/60\/2024\/04\/img-46-300x300.png 300w, https:\/\/easyfairsassets.com\/sites\/60\/2024\/04\/img-46-150x150.png 150w\" sizes=\"(max-width: 500px) 100vw, 500px\" \/>\t\t\t\t\t\t\t\t\t\t\t\t\t\t\t<\/div>\n\t\t\t\t<\/div>\n\t\t\t\t<div class=\"elementor-element elementor-element-08bcbfe elementor-widget elementor-widget-text-editor\" data-id=\"08bcbfe\" data-element_type=\"widget\" data-widget_type=\"text-editor.default\">\n\t\t\t\t<div class=\"elementor-widget-container\">\n\t\t\t\t\t\t\t\t\t<p><em>Mariasole Gnutti<\/em><\/p>\n<p>Mariasole Gnutti was born in Padua on 22 June 2000. She began her studies first at the De Fabris art school in Nove, and later at the SantaGiulia Academy of Fine Arts in Brescia, where she attended the Painting course. Her artistic research is based on a classical training that focuses on development in the digital sphere, therefore concentrating on the study of illustration with new methods and tools for creating a work.<\/p>\n\t\t\t\t\t\t\t\t<\/div>\n\t\t\t\t<\/div>\n\t\t\t\t<div class=\"elementor-element elementor-element-f7e23d3 elementor-widget elementor-widget-image\" data-id=\"f7e23d3\" data-element_type=\"widget\" data-widget_type=\"image.default\">\n\t\t\t\t<div class=\"elementor-widget-container\">\n\t\t\t\t\t\t\t\t\t\t\t\t\t\t\t<img loading=\"lazy\" decoding=\"async\" width=\"473\" height=\"1024\" src=\"https:\/\/easyfairsassets.com\/sites\/60\/2024\/04\/Martina-Cardillo-foto-opera-473x1024.png\" class=\"attachment-large size-large wp-image-141939\" alt=\"\" srcset=\"https:\/\/easyfairsassets.com\/sites\/60\/2024\/04\/Martina-Cardillo-foto-opera-473x1024.png 473w, https:\/\/easyfairsassets.com\/sites\/60\/2024\/04\/Martina-Cardillo-foto-opera-139x300.png 139w, https:\/\/easyfairsassets.com\/sites\/60\/2024\/04\/Martina-Cardillo-foto-opera.png 554w\" sizes=\"(max-width: 473px) 100vw, 473px\" \/>\t\t\t\t\t\t\t\t\t\t\t\t\t\t\t<\/div>\n\t\t\t\t<\/div>\n\t\t\t\t<div class=\"elementor-element elementor-element-e57b7b5 elementor-widget elementor-widget-text-editor\" data-id=\"e57b7b5\" data-element_type=\"widget\" data-widget_type=\"text-editor.default\">\n\t\t\t\t<div class=\"elementor-widget-container\">\n\t\t\t\t\t\t\t\t\t<p><em><b>Sentimenti &#8211; Martina Cardillo<\/b><\/em><\/p>\n<p>Sentimenti (Feelings), the work created with the monotype technique, seeks to make the viewer reflect on how words and gestures can hurt both body and soul. Actions that sully you and leave their mark. They are translated in the work with contaminated imprints of a raw body.<\/p>\n\t\t\t\t\t\t\t\t<\/div>\n\t\t\t\t<\/div>\n\t\t\t\t<div class=\"elementor-element elementor-element-672d070 elementor-widget elementor-widget-image\" data-id=\"672d070\" data-element_type=\"widget\" data-widget_type=\"image.default\">\n\t\t\t\t<div class=\"elementor-widget-container\">\n\t\t\t\t\t\t\t\t\t\t\t\t\t\t\t<img loading=\"lazy\" decoding=\"async\" width=\"500\" height=\"500\" src=\"https:\/\/easyfairsassets.com\/sites\/60\/2024\/04\/img-47.png\" class=\"attachment-large size-large wp-image-141941\" alt=\"\" srcset=\"https:\/\/easyfairsassets.com\/sites\/60\/2024\/04\/img-47.png 500w, https:\/\/easyfairsassets.com\/sites\/60\/2024\/04\/img-47-300x300.png 300w, https:\/\/easyfairsassets.com\/sites\/60\/2024\/04\/img-47-150x150.png 150w\" sizes=\"(max-width: 500px) 100vw, 500px\" \/>\t\t\t\t\t\t\t\t\t\t\t\t\t\t\t<\/div>\n\t\t\t\t<\/div>\n\t\t\t\t<div class=\"elementor-element elementor-element-254fb5b elementor-widget elementor-widget-text-editor\" data-id=\"254fb5b\" data-element_type=\"widget\" data-widget_type=\"text-editor.default\">\n\t\t\t\t<div class=\"elementor-widget-container\">\n\t\t\t\t\t\t\t\t\t<p><em>Martina Cardillo<\/em><\/p>\n<p>Born in Brescia on 04\/09\/2001, Martina currently lives in Brescia and attends the painting course at the SantaGiulia Academy of Fine Arts. Her artistic research is strongly influenced by feelings and the body, explored through painting, sculpture and engraving.<\/p>\n\t\t\t\t\t\t\t\t<\/div>\n\t\t\t\t<\/div>\n\t\t\t\t<div class=\"elementor-element elementor-element-e9a3cfb elementor-widget elementor-widget-image\" data-id=\"e9a3cfb\" data-element_type=\"widget\" data-widget_type=\"image.default\">\n\t\t\t\t<div class=\"elementor-widget-container\">\n\t\t\t\t\t\t\t\t\t\t\t\t\t\t\t<img loading=\"lazy\" decoding=\"async\" width=\"776\" height=\"1024\" src=\"https:\/\/easyfairsassets.com\/sites\/60\/2024\/04\/MIchele-Maghini-foto-opera-776x1024.png\" class=\"attachment-large size-large wp-image-141943\" alt=\"\" srcset=\"https:\/\/easyfairsassets.com\/sites\/60\/2024\/04\/MIchele-Maghini-foto-opera-776x1024.png 776w, https:\/\/easyfairsassets.com\/sites\/60\/2024\/04\/MIchele-Maghini-foto-opera-227x300.png 227w, https:\/\/easyfairsassets.com\/sites\/60\/2024\/04\/MIchele-Maghini-foto-opera-768x1014.png 768w, https:\/\/easyfairsassets.com\/sites\/60\/2024\/04\/MIchele-Maghini-foto-opera.png 909w\" sizes=\"(max-width: 776px) 100vw, 776px\" \/>\t\t\t\t\t\t\t\t\t\t\t\t\t\t\t<\/div>\n\t\t\t\t<\/div>\n\t\t\t\t<div class=\"elementor-element elementor-element-c33b507 elementor-widget elementor-widget-text-editor\" data-id=\"c33b507\" data-element_type=\"widget\" data-widget_type=\"text-editor.default\">\n\t\t\t\t<div class=\"elementor-widget-container\">\n\t\t\t\t\t\t\t\t\t<p><em><b>Tra gioco e finzione &#8211; Michele Maghini<\/b><\/em><\/p>\n<p>This experimental artwork explores the reversal of Homer and Plato\u2019s idea of knowledge in Greek culture resolved by the \u201cfailure\u201d of digital technology. Through references to the pre-Socratic philosophers, Herodotus and Hippocrates, and the contrast between seeing and knowing invisible things, the work analyses the theme of sight and blindness, highlighted in the myth of Oedipus and the Sirens. This tragic and paradoxical investigation \u201cbrings into play\u201d the roots of the clash between knowing and seeing.<\/p>\n\t\t\t\t\t\t\t\t<\/div>\n\t\t\t\t<\/div>\n\t\t\t\t<div class=\"elementor-element elementor-element-6e6cb01 elementor-widget elementor-widget-image\" data-id=\"6e6cb01\" data-element_type=\"widget\" data-widget_type=\"image.default\">\n\t\t\t\t<div class=\"elementor-widget-container\">\n\t\t\t\t\t\t\t\t\t\t\t\t\t\t\t<img loading=\"lazy\" decoding=\"async\" width=\"500\" height=\"500\" src=\"https:\/\/easyfairsassets.com\/sites\/60\/2024\/04\/img-48.png\" class=\"attachment-large size-large wp-image-141945\" alt=\"\" srcset=\"https:\/\/easyfairsassets.com\/sites\/60\/2024\/04\/img-48.png 500w, https:\/\/easyfairsassets.com\/sites\/60\/2024\/04\/img-48-300x300.png 300w, https:\/\/easyfairsassets.com\/sites\/60\/2024\/04\/img-48-150x150.png 150w\" sizes=\"(max-width: 500px) 100vw, 500px\" \/>\t\t\t\t\t\t\t\t\t\t\t\t\t\t\t<\/div>\n\t\t\t\t<\/div>\n\t\t\t\t<div class=\"elementor-element elementor-element-661d511 elementor-widget elementor-widget-text-editor\" data-id=\"661d511\" data-element_type=\"widget\" data-widget_type=\"text-editor.default\">\n\t\t\t\t<div class=\"elementor-widget-container\">\n\t\t\t\t\t\t\t\t\t<p><em>Michele Maghini<\/em><\/p>\n<p>Michele, an eclectic visual artist, experiments with photography, oil painting and software. A multi-instrumentalist and composer, he explores the connections between sound and colour. His works range from dreamlike landscapes to intense portraits. Fond of music since childhood, thanks to the influence of his family and his maternal grandfather who introduced him to Dire Straits, A.P. Project and Phil Palmer cassette tapes in the car from an early age, he devotes himself to guitar, piano and composition, reflecting various influences. He continues to explore new forms of expression, challenging the boundaries between the visual and sound arts.<\/p>\n\t\t\t\t\t\t\t\t<\/div>\n\t\t\t\t<\/div>\n\t\t\t\t<div class=\"elementor-element elementor-element-749e06b elementor-widget elementor-widget-image\" data-id=\"749e06b\" data-element_type=\"widget\" data-widget_type=\"image.default\">\n\t\t\t\t<div class=\"elementor-widget-container\">\n\t\t\t\t\t\t\t\t\t\t\t\t\t\t\t<img loading=\"lazy\" decoding=\"async\" width=\"800\" height=\"589\" src=\"https:\/\/easyfairsassets.com\/sites\/60\/2024\/04\/Milena-Pagliari-foto-opera.png\" class=\"attachment-large size-large wp-image-141959\" alt=\"\" srcset=\"https:\/\/easyfairsassets.com\/sites\/60\/2024\/04\/Milena-Pagliari-foto-opera.png 1200w, https:\/\/easyfairsassets.com\/sites\/60\/2024\/04\/Milena-Pagliari-foto-opera-300x221.png 300w, https:\/\/easyfairsassets.com\/sites\/60\/2024\/04\/Milena-Pagliari-foto-opera-768x566.png 768w\" sizes=\"(max-width: 800px) 100vw, 800px\" \/>\t\t\t\t\t\t\t\t\t\t\t\t\t\t\t<\/div>\n\t\t\t\t<\/div>\n\t\t\t\t<div class=\"elementor-element elementor-element-f273e95 elementor-widget elementor-widget-text-editor\" data-id=\"f273e95\" data-element_type=\"widget\" data-widget_type=\"text-editor.default\">\n\t\t\t\t<div class=\"elementor-widget-container\">\n\t\t\t\t\t\t\t\t\t<p><em><b>Human Moods &#8211; Milena Pagliari<\/b><\/em><\/p>\n<p>The project studies various emotional states in the form of colours and avatars generated using AI. Three avatars with distinct traits were created with the METAHUMAN programme. Each character is associated with its own colour chart, concerning the main emotions, an identification card, and a QR code that makes it possible to view its own personal badge. Lastly, a video was made that encompasses the avatars\u2019 common actions, accompanied by human voices that bring their inner thoughts to life.<\/p>\n\t\t\t\t\t\t\t\t<\/div>\n\t\t\t\t<\/div>\n\t\t\t\t<div class=\"elementor-element elementor-element-8ad0f26 elementor-widget elementor-widget-image\" data-id=\"8ad0f26\" data-element_type=\"widget\" data-widget_type=\"image.default\">\n\t\t\t\t<div class=\"elementor-widget-container\">\n\t\t\t\t\t\t\t\t\t\t\t\t\t\t\t<img loading=\"lazy\" decoding=\"async\" width=\"500\" height=\"500\" src=\"https:\/\/easyfairsassets.com\/sites\/60\/2024\/04\/img-49.png\" class=\"attachment-large size-large wp-image-141957\" alt=\"\" srcset=\"https:\/\/easyfairsassets.com\/sites\/60\/2024\/04\/img-49.png 500w, https:\/\/easyfairsassets.com\/sites\/60\/2024\/04\/img-49-300x300.png 300w, https:\/\/easyfairsassets.com\/sites\/60\/2024\/04\/img-49-150x150.png 150w\" sizes=\"(max-width: 500px) 100vw, 500px\" \/>\t\t\t\t\t\t\t\t\t\t\t\t\t\t\t<\/div>\n\t\t\t\t<\/div>\n\t\t\t\t<div class=\"elementor-element elementor-element-4c2a9da elementor-widget elementor-widget-text-editor\" data-id=\"4c2a9da\" data-element_type=\"widget\" data-widget_type=\"text-editor.default\">\n\t\t\t\t<div class=\"elementor-widget-container\">\n\t\t\t\t\t\t\t\t\t<p><em>Milena Pagliari<\/em><\/p>\n<p>Milena Pagliari was born in Brescia on 24 July 2001. Ever since she was a child, she has embraced the world of art, through which she expresses her creativity, putting her way of communicating on paper. Having graduated from the IIS Mariano Fortuny (Bs), she enrolled at the SantaGiulia Academy of Fine Arts in 2020, specialising in Painting. From that moment on, she came into close contact with art, developing and discovering new techniques and materials and learning about various artistic forms and avenues.<\/p>\n\t\t\t\t\t\t\t\t<\/div>\n\t\t\t\t<\/div>\n\t\t\t\t<div class=\"elementor-element elementor-element-80136cc elementor-widget elementor-widget-image\" data-id=\"80136cc\" data-element_type=\"widget\" data-widget_type=\"image.default\">\n\t\t\t\t<div class=\"elementor-widget-container\">\n\t\t\t\t\t\t\t\t\t\t\t\t\t\t\t<img loading=\"lazy\" decoding=\"async\" width=\"582\" height=\"1024\" src=\"https:\/\/easyfairsassets.com\/sites\/60\/2024\/04\/Nicola-Crescini-foto-opera-582x1024.jpg\" class=\"attachment-large size-large wp-image-141967\" alt=\"\" srcset=\"https:\/\/easyfairsassets.com\/sites\/60\/2024\/04\/Nicola-Crescini-foto-opera-582x1024.jpg 582w, https:\/\/easyfairsassets.com\/sites\/60\/2024\/04\/Nicola-Crescini-foto-opera-171x300.jpg 171w, https:\/\/easyfairsassets.com\/sites\/60\/2024\/04\/Nicola-Crescini-foto-opera.jpg 682w\" sizes=\"(max-width: 582px) 100vw, 582px\" \/>\t\t\t\t\t\t\t\t\t\t\t\t\t\t\t<\/div>\n\t\t\t\t<\/div>\n\t\t\t\t<div class=\"elementor-element elementor-element-b57ab41 elementor-widget elementor-widget-text-editor\" data-id=\"b57ab41\" data-element_type=\"widget\" data-widget_type=\"text-editor.default\">\n\t\t\t\t<div class=\"elementor-widget-container\">\n\t\t\t\t\t\t\t\t\t<p><em><b>Il Deserto Rosso &#8211; Nicola Crescini<\/b><\/em><\/p>\n<p>For this project I drew inspiration from a 1964 film by Michelangelo Antonioni, Red Desert, starring Monica Vitti. The director uses colour to represent the life of Giuliana, the protagonist. The hues represent a possible hope in her life.<br \/>\nWhite denotes the emptiness of her depression, pink indicates warmth and joy, and yellow the pollution of the environment in which she lives.<br \/>\nI have superimposed some of the scenes from the film that are most significant to me with plaster on canvas works I have created.<\/p>\n\t\t\t\t\t\t\t\t<\/div>\n\t\t\t\t<\/div>\n\t\t\t\t<div class=\"elementor-element elementor-element-9979c6a elementor-widget elementor-widget-image\" data-id=\"9979c6a\" data-element_type=\"widget\" data-widget_type=\"image.default\">\n\t\t\t\t<div class=\"elementor-widget-container\">\n\t\t\t\t\t\t\t\t\t\t\t\t\t\t\t<img loading=\"lazy\" decoding=\"async\" width=\"500\" height=\"500\" src=\"https:\/\/easyfairsassets.com\/sites\/60\/2024\/04\/img-50.png\" class=\"attachment-large size-large wp-image-141969\" alt=\"\" srcset=\"https:\/\/easyfairsassets.com\/sites\/60\/2024\/04\/img-50.png 500w, https:\/\/easyfairsassets.com\/sites\/60\/2024\/04\/img-50-300x300.png 300w, https:\/\/easyfairsassets.com\/sites\/60\/2024\/04\/img-50-150x150.png 150w\" sizes=\"(max-width: 500px) 100vw, 500px\" \/>\t\t\t\t\t\t\t\t\t\t\t\t\t\t\t<\/div>\n\t\t\t\t<\/div>\n\t\t\t\t<div class=\"elementor-element elementor-element-7c211ac elementor-widget elementor-widget-text-editor\" data-id=\"7c211ac\" data-element_type=\"widget\" data-widget_type=\"text-editor.default\">\n\t\t\t\t<div class=\"elementor-widget-container\">\n\t\t\t\t\t\t\t\t\t<p><em>Nicola Crescini<\/em><\/p>\n<p>My name is Nicola, I\u2019m 22 years old and I come from Brescia. Ever since I was a child, I\u2019ve had a real passion for art, especially drawing and painting. I&#8217;m enrolled in the third year of the painting course at the SantaGiulia Academy in Brescia. From an artistic point of view, I create works rich in detail, with a classical and harmonious composition, but always with a certain special element. This year, I began creating some digital pieces, thanks in part to the digital image processing course.<br \/>\nIn addition to this, I have participated in two other artistic anatomy exhibitions.<\/p>\n\t\t\t\t\t\t\t\t<\/div>\n\t\t\t\t<\/div>\n\t\t\t\t<div class=\"elementor-element elementor-element-f6a55c7 elementor-widget elementor-widget-image\" data-id=\"f6a55c7\" data-element_type=\"widget\" data-widget_type=\"image.default\">\n\t\t\t\t<div class=\"elementor-widget-container\">\n\t\t\t\t\t\t\t\t\t\t\t\t\t\t\t<img loading=\"lazy\" decoding=\"async\" width=\"800\" height=\"597\" src=\"https:\/\/easyfairsassets.com\/sites\/60\/2024\/04\/Nicole-Tassani-foto-opera.jpeg\" class=\"attachment-large size-large wp-image-141971\" alt=\"\" srcset=\"https:\/\/easyfairsassets.com\/sites\/60\/2024\/04\/Nicole-Tassani-foto-opera.jpeg 1170w, https:\/\/easyfairsassets.com\/sites\/60\/2024\/04\/Nicole-Tassani-foto-opera-300x224.jpeg 300w, https:\/\/easyfairsassets.com\/sites\/60\/2024\/04\/Nicole-Tassani-foto-opera-768x573.jpeg 768w\" sizes=\"(max-width: 800px) 100vw, 800px\" \/>\t\t\t\t\t\t\t\t\t\t\t\t\t\t\t<\/div>\n\t\t\t\t<\/div>\n\t\t\t\t<div class=\"elementor-element elementor-element-b1a9f87 elementor-widget elementor-widget-text-editor\" data-id=\"b1a9f87\" data-element_type=\"widget\" data-widget_type=\"text-editor.default\">\n\t\t\t\t<div class=\"elementor-widget-container\">\n\t\t\t\t\t\t\t\t\t<p><em><b>\u00a0Pas mal pour des mondines! &#8211; Nicole Tassani<\/b><\/em><\/p>\n<p>From the collection Travail aux champs, Pas mal pour des mondines! On the one hand, the work is seen as a denunciation of the forced labour that the female rice weeders performed in the fields far from home, while on the other, it resurrects the peasant traditions that have always characterised my past and recall my origins and the country where I live. Moreover, the title is meant to be an intimidating phrase, but also one that encourages women to stand up for themselves, not to give up in a world that does not value them professionally and socially.<\/p>\n\t\t\t\t\t\t\t\t<\/div>\n\t\t\t\t<\/div>\n\t\t\t\t<div class=\"elementor-element elementor-element-6ccb85f elementor-widget elementor-widget-image\" data-id=\"6ccb85f\" data-element_type=\"widget\" data-widget_type=\"image.default\">\n\t\t\t\t<div class=\"elementor-widget-container\">\n\t\t\t\t\t\t\t\t\t\t\t\t\t\t\t<img loading=\"lazy\" decoding=\"async\" width=\"500\" height=\"500\" src=\"https:\/\/easyfairsassets.com\/sites\/60\/2024\/04\/img-51.png\" class=\"attachment-large size-large wp-image-141973\" alt=\"\" srcset=\"https:\/\/easyfairsassets.com\/sites\/60\/2024\/04\/img-51.png 500w, https:\/\/easyfairsassets.com\/sites\/60\/2024\/04\/img-51-300x300.png 300w, https:\/\/easyfairsassets.com\/sites\/60\/2024\/04\/img-51-150x150.png 150w\" sizes=\"(max-width: 500px) 100vw, 500px\" \/>\t\t\t\t\t\t\t\t\t\t\t\t\t\t\t<\/div>\n\t\t\t\t<\/div>\n\t\t\t\t<div class=\"elementor-element elementor-element-a9b3ec9 elementor-widget elementor-widget-text-editor\" data-id=\"a9b3ec9\" data-element_type=\"widget\" data-widget_type=\"text-editor.default\">\n\t\t\t\t<div class=\"elementor-widget-container\">\n\t\t\t\t\t\t\t\t\t<p><em>Nicole Tassani<\/em><\/p>\n<p>Nicole Tassani was born in Desenzano Del Garda, in the province of Brescia. She attends the Girolamo Bagatta language school. Nicole has been interested in the world of tattooing and drawing from an early age and this is why she enrolled at the SantaGiulia Academy of Fine Arts, choosing the Painting course, where she discovered oil colours and began to paint, experimenting with various themes such as time.<\/p>\n\t\t\t\t\t\t\t\t<\/div>\n\t\t\t\t<\/div>\n\t\t\t\t<div class=\"elementor-element elementor-element-4d02abb elementor-widget elementor-widget-image\" data-id=\"4d02abb\" data-element_type=\"widget\" data-widget_type=\"image.default\">\n\t\t\t\t<div class=\"elementor-widget-container\">\n\t\t\t\t\t\t\t\t\t\t\t\t\t\t\t<img loading=\"lazy\" decoding=\"async\" width=\"703\" height=\"1024\" src=\"https:\/\/easyfairsassets.com\/sites\/60\/2024\/04\/Paolo-Rampulla-foto-opera-703x1024.jpg\" class=\"attachment-large size-large wp-image-141975\" alt=\"\" srcset=\"https:\/\/easyfairsassets.com\/sites\/60\/2024\/04\/Paolo-Rampulla-foto-opera-703x1024.jpg 703w, https:\/\/easyfairsassets.com\/sites\/60\/2024\/04\/Paolo-Rampulla-foto-opera-206x300.jpg 206w, https:\/\/easyfairsassets.com\/sites\/60\/2024\/04\/Paolo-Rampulla-foto-opera-768x1118.jpg 768w, https:\/\/easyfairsassets.com\/sites\/60\/2024\/04\/Paolo-Rampulla-foto-opera.jpg 824w\" sizes=\"(max-width: 703px) 100vw, 703px\" \/>\t\t\t\t\t\t\t\t\t\t\t\t\t\t\t<\/div>\n\t\t\t\t<\/div>\n\t\t\t\t<div class=\"elementor-element elementor-element-6487189 elementor-widget elementor-widget-text-editor\" data-id=\"6487189\" data-element_type=\"widget\" data-widget_type=\"text-editor.default\">\n\t\t\t\t<div class=\"elementor-widget-container\">\n\t\t\t\t\t\t\t\t\t<p><em><b>La pecora, la mucca e la capra in societ\u00e0 con il leone &#8211; Paolo Rampulla<\/b><\/em><\/p>\n<p>A trio of animals decide to join forces with Mr Lion in order to procure food. From this fable, told by moving black and white paper illustrations, we see what happens when you trust the powerful. &#8220;The lion and the onagre&#8221; by Aesop, &#8220;Vacca et cappella, ovis et leo&#8221; by Phaedrus, &#8220;La g\u00e9nisse, la ch\u00e8vre, et la brebis en soci\u00e9t\u00e9 avec le lion&#8221; by Jean de La Fontaine, translation of the latter by Emilio De Marchi, revised by the undersigned.<\/p>\n\t\t\t\t\t\t\t\t<\/div>\n\t\t\t\t<\/div>\n\t\t\t\t<div class=\"elementor-element elementor-element-9848633 elementor-widget elementor-widget-image\" data-id=\"9848633\" data-element_type=\"widget\" data-widget_type=\"image.default\">\n\t\t\t\t<div class=\"elementor-widget-container\">\n\t\t\t\t\t\t\t\t\t\t\t\t\t\t\t<img loading=\"lazy\" decoding=\"async\" width=\"500\" height=\"500\" src=\"https:\/\/easyfairsassets.com\/sites\/60\/2024\/04\/img-52.png\" class=\"attachment-large size-large wp-image-141977\" alt=\"\" srcset=\"https:\/\/easyfairsassets.com\/sites\/60\/2024\/04\/img-52.png 500w, https:\/\/easyfairsassets.com\/sites\/60\/2024\/04\/img-52-300x300.png 300w, https:\/\/easyfairsassets.com\/sites\/60\/2024\/04\/img-52-150x150.png 150w\" sizes=\"(max-width: 500px) 100vw, 500px\" \/>\t\t\t\t\t\t\t\t\t\t\t\t\t\t\t<\/div>\n\t\t\t\t<\/div>\n\t\t\t\t<div class=\"elementor-element elementor-element-b23dc9f elementor-widget elementor-widget-text-editor\" data-id=\"b23dc9f\" data-element_type=\"widget\" data-widget_type=\"text-editor.default\">\n\t\t\t\t<div class=\"elementor-widget-container\">\n\t\t\t\t\t\t\t\t\t<p><em>Paolo Rampulla<\/em><\/p>\n<p>After the three-year figurative arts course at the Tartaglia-Olivieri institute, Paolo decided to continue his artistic studies at the SantaGiulia Academy of Fine Arts in Brescia, where he attends the Painting course. He focuses on painting and illustration and appreciates fairy tales, fables and word games. The former are a particularly strong influence, as they can express human morals and vices without the need for any complex structure.<\/p>\n\t\t\t\t\t\t\t\t<\/div>\n\t\t\t\t<\/div>\n\t\t\t\t<div class=\"elementor-element elementor-element-f5517f0 elementor-widget elementor-widget-image\" data-id=\"f5517f0\" data-element_type=\"widget\" data-widget_type=\"image.default\">\n\t\t\t\t<div class=\"elementor-widget-container\">\n\t\t\t\t\t\t\t\t\t\t\t\t\t\t\t<img loading=\"lazy\" decoding=\"async\" width=\"576\" height=\"1024\" src=\"https:\/\/easyfairsassets.com\/sites\/60\/2024\/04\/Sophie-Glisenti-foto-opera-576x1024.jpg\" class=\"attachment-large size-large wp-image-141979\" alt=\"\" srcset=\"https:\/\/easyfairsassets.com\/sites\/60\/2024\/04\/Sophie-Glisenti-foto-opera-576x1024.jpg 576w, https:\/\/easyfairsassets.com\/sites\/60\/2024\/04\/Sophie-Glisenti-foto-opera-169x300.jpg 169w, https:\/\/easyfairsassets.com\/sites\/60\/2024\/04\/Sophie-Glisenti-foto-opera.jpg 675w\" sizes=\"(max-width: 576px) 100vw, 576px\" \/>\t\t\t\t\t\t\t\t\t\t\t\t\t\t\t<\/div>\n\t\t\t\t<\/div>\n\t\t\t\t<div class=\"elementor-element elementor-element-2b59440 elementor-widget elementor-widget-text-editor\" data-id=\"2b59440\" data-element_type=\"widget\" data-widget_type=\"text-editor.default\">\n\t\t\t\t<div class=\"elementor-widget-container\">\n\t\t\t\t\t\t\t\t\t<p><em><b>Congiunzione &#8211; Sophie Glisenti<\/b><\/em><\/p>\n<p>The work originates from a series of different watercolours on cotton paper. They are used to emphasise the playful and colourful component of the artwork, which becomes an ode to the childlike creation of the work itself. The artist shows two foreign bodies, superimposed on each other, striving to join together in vain. Despite their differences, the bodies have something in common: a set of points that expand, pull and try to conquer space by constantly changing.<\/p>\n\t\t\t\t\t\t\t\t<\/div>\n\t\t\t\t<\/div>\n\t\t\t\t<div class=\"elementor-element elementor-element-8934c71 elementor-widget elementor-widget-image\" data-id=\"8934c71\" data-element_type=\"widget\" data-widget_type=\"image.default\">\n\t\t\t\t<div class=\"elementor-widget-container\">\n\t\t\t\t\t\t\t\t\t\t\t\t\t\t\t<img loading=\"lazy\" decoding=\"async\" width=\"500\" height=\"500\" src=\"https:\/\/easyfairsassets.com\/sites\/60\/2024\/04\/Foto-sito-500x500-2024-04-26T155840.534.png\" class=\"attachment-large size-large wp-image-142883\" alt=\"\" srcset=\"https:\/\/easyfairsassets.com\/sites\/60\/2024\/04\/Foto-sito-500x500-2024-04-26T155840.534.png 500w, https:\/\/easyfairsassets.com\/sites\/60\/2024\/04\/Foto-sito-500x500-2024-04-26T155840.534-300x300.png 300w, https:\/\/easyfairsassets.com\/sites\/60\/2024\/04\/Foto-sito-500x500-2024-04-26T155840.534-150x150.png 150w\" sizes=\"(max-width: 500px) 100vw, 500px\" \/>\t\t\t\t\t\t\t\t\t\t\t\t\t\t\t<\/div>\n\t\t\t\t<\/div>\n\t\t\t\t<div class=\"elementor-element elementor-element-e08daf6 elementor-widget elementor-widget-text-editor\" data-id=\"e08daf6\" data-element_type=\"widget\" data-widget_type=\"text-editor.default\">\n\t\t\t\t<div class=\"elementor-widget-container\">\n\t\t\t\t\t\t\t\t\t<p><em>Sophie Glisenti<\/em><\/p>\n<p>Sophie Glisenti was born in Brescia on 22 March 2002 and lives in the province of Brescia. After attending middle school in her hometown, where she developed a love for drawing, she attended the Olivieri art school in Brescia. During her first years there, she had experiences that would mark her for the rest of her life and lead her to face her first real internal struggles, enabling her to begin her research into the emotions that trouble the human soul and determine humankind.<\/p>\n\t\t\t\t\t\t\t\t<\/div>\n\t\t\t\t<\/div>\n\t\t\t\t<div class=\"elementor-element elementor-element-4bd9949 elementor-widget elementor-widget-image\" data-id=\"4bd9949\" data-element_type=\"widget\" data-widget_type=\"image.default\">\n\t\t\t\t<div class=\"elementor-widget-container\">\n\t\t\t\t\t\t\t\t\t\t\t\t\t\t\t<img loading=\"lazy\" decoding=\"async\" width=\"800\" height=\"800\" src=\"https:\/\/easyfairsassets.com\/sites\/60\/2024\/04\/Stefania-Borroni-foto-opera-1024x1024.png\" class=\"attachment-large size-large wp-image-141981\" alt=\"\" srcset=\"https:\/\/easyfairsassets.com\/sites\/60\/2024\/04\/Stefania-Borroni-foto-opera-1024x1024.png 1024w, https:\/\/easyfairsassets.com\/sites\/60\/2024\/04\/Stefania-Borroni-foto-opera-300x300.png 300w, https:\/\/easyfairsassets.com\/sites\/60\/2024\/04\/Stefania-Borroni-foto-opera-150x150.png 150w, https:\/\/easyfairsassets.com\/sites\/60\/2024\/04\/Stefania-Borroni-foto-opera-768x768.png 768w, https:\/\/easyfairsassets.com\/sites\/60\/2024\/04\/Stefania-Borroni-foto-opera.png 1200w\" sizes=\"(max-width: 800px) 100vw, 800px\" \/>\t\t\t\t\t\t\t\t\t\t\t\t\t\t\t<\/div>\n\t\t\t\t<\/div>\n\t\t\t\t<div class=\"elementor-element elementor-element-42469f3 elementor-widget elementor-widget-text-editor\" data-id=\"42469f3\" data-element_type=\"widget\" data-widget_type=\"text-editor.default\">\n\t\t\t\t<div class=\"elementor-widget-container\">\n\t\t\t\t\t\t\t\t\t<p><em><b>Autoritratti Invasi &#8211; Stefania Borroni<\/b><\/em><\/p>\n<p class=\"p1\" style=\"margin: 0cm;\"><span style=\"color: #000000;\">The work consists of a series of biomorphic vases. Although abstract, they evoke or refer to real forms and in this case are self-portraits of the artist.<br \/>\nIn fact, the sculptor has digitally created a succession of forms, to be considered as fragments of different moments, which come together to recompose the soul in many facets.<br \/>\nEach of us encompasses many elements, some of which contrast with each other, which then form the singular, one-off and sacred uniqueness of the person.<\/span><\/p>\n\t\t\t\t\t\t\t\t<\/div>\n\t\t\t\t<\/div>\n\t\t\t\t<div class=\"elementor-element elementor-element-c5d9ad1 elementor-widget elementor-widget-image\" data-id=\"c5d9ad1\" data-element_type=\"widget\" data-widget_type=\"image.default\">\n\t\t\t\t<div class=\"elementor-widget-container\">\n\t\t\t\t\t\t\t\t\t\t\t\t\t\t\t<img loading=\"lazy\" decoding=\"async\" width=\"500\" height=\"500\" src=\"https:\/\/easyfairsassets.com\/sites\/60\/2024\/04\/img-53.png\" class=\"attachment-large size-large wp-image-141983\" alt=\"\" srcset=\"https:\/\/easyfairsassets.com\/sites\/60\/2024\/04\/img-53.png 500w, https:\/\/easyfairsassets.com\/sites\/60\/2024\/04\/img-53-300x300.png 300w, https:\/\/easyfairsassets.com\/sites\/60\/2024\/04\/img-53-150x150.png 150w\" sizes=\"(max-width: 500px) 100vw, 500px\" \/>\t\t\t\t\t\t\t\t\t\t\t\t\t\t\t<\/div>\n\t\t\t\t<\/div>\n\t\t\t\t<div class=\"elementor-element elementor-element-f938a08 elementor-widget elementor-widget-text-editor\" data-id=\"f938a08\" data-element_type=\"widget\" data-widget_type=\"text-editor.default\">\n\t\t\t\t<div class=\"elementor-widget-container\">\n\t\t\t\t\t\t\t\t\t<p><em>Stefania Borroni<\/em><\/p>\n<p>Stefania Borroni is an Italian-Cuban artist who was born in 2000.<br \/>\nIn 2023, she graduated in Sculpture from the SantaGiulia Academy of Fine Arts in Brescia.<br \/>\nShe works with ceramics, exploring the lines between sculpture, craft and design and looking for what can foster her own growth in each branch. Her research revolves around personal themes (family relationships, self-definition) and themes in line with the present day and the ensuing complexities (to unite art and reality with accessible works).<\/p>\n\t\t\t\t\t\t\t\t<\/div>\n\t\t\t\t<\/div>\n\t\t\t\t<div class=\"elementor-element elementor-element-14587ae elementor-align-justify elementor-hidden-desktop elementor-hidden-tablet elementor-hidden-mobile elementor-widget elementor-widget-dynamic-button\" data-id=\"14587ae\" data-element_type=\"widget\" data-settings=\"{&quot;_animation&quot;:&quot;none&quot;}\" data-widget_type=\"dynamic-button.default\">\n\t\t\t\t<div class=\"elementor-widget-container\">\n\t\t\t\t\t        <div class=\"elementor-button-wrapper\">\n            <a href=\"https:\/\/www.journalduluxe.fr\/fr\/lifestyle\/hennessy-cocktail-bouteille-cravan\" class=\"elementor-button-link elementor-button elementor-size-sm elementor-animation-grow\" role=\"button\">\n                        <span class=\"elementor-button-content-wrapper\">\n\t\t\t                <span class=\"elementor-button-icon elementor-align-icon-right\">\n\t\t\t\t<i aria-hidden=\"true\" class=\"fas fa-angle-right\"><\/i>\t\t\t<\/span>\n            \t\t\t<span class=\"elementor-button-text\">LEGGI L'ARTICOLO COMPLETO<\/span>\n\t\t<\/span>\n                    <\/a>\n        <\/div>\n        \t\t\t\t<\/div>\n\t\t\t\t<\/div>\n\t\t\t\t<div class=\"elementor-element elementor-element-2f5e056 elementor-align-justify elementor-hidden-desktop elementor-hidden-tablet elementor-hidden-mobile elementor-widget elementor-widget-dynamic-button\" data-id=\"2f5e056\" data-element_type=\"widget\" data-settings=\"{&quot;_animation&quot;:&quot;none&quot;}\" data-widget_type=\"dynamic-button.default\">\n\t\t\t\t<div class=\"elementor-widget-container\">\n\t\t\t\t\t        <div class=\"elementor-button-wrapper\">\n            <a href=\"https:\/\/open.spotify.com\/episode\/0Z7Oy5VbTQFsARZAGs5qWo\" class=\"elementor-button-link elementor-button elementor-size-sm elementor-animation-grow\" role=\"button\">\n                        <span class=\"elementor-button-content-wrapper\">\n\t\t\t                <span class=\"elementor-button-icon elementor-align-icon-right\">\n\t\t\t\t<i aria-hidden=\"true\" class=\"fas fa-angle-right\"><\/i>\t\t\t<\/span>\n            \t\t\t<span class=\"elementor-button-text\">ascolta il podcast<\/span>\n\t\t<\/span>\n                    <\/a>\n        <\/div>\n        \t\t\t\t<\/div>\n\t\t\t\t<\/div>\n\t\t\t\t<div class=\"elementor-element elementor-element-62ea236 elementor-icon-list--layout-inline elementor-align-center elementor-tablet-align-center elementor-list-item-link-full_width elementor-widget elementor-widget-icon-list\" data-id=\"62ea236\" data-element_type=\"widget\" data-widget_type=\"icon-list.default\">\n\t\t\t\t<div class=\"elementor-widget-container\">\n\t\t\t\t\t\t\t<ul class=\"elementor-icon-list-items elementor-inline-items\">\n\t\t\t\t\t\t\t<li class=\"elementor-icon-list-item elementor-inline-item\">\n\t\t\t\t\t\t\t\t\t\t\t<a href=\"https:\/\/www.facebook.com\/packagingpremiere\/\">\n\n\t\t\t\t\t\t\t\t\t\t\t\t<span class=\"elementor-icon-list-icon\">\n\t\t\t\t\t\t\t<i aria-hidden=\"true\" class=\"fab fa-facebook-f\"><\/i>\t\t\t\t\t\t<\/span>\n\t\t\t\t\t\t\t\t\t\t<span class=\"elementor-icon-list-text\"><\/span>\n\t\t\t\t\t\t\t\t\t\t\t<\/a>\n\t\t\t\t\t\t\t\t\t<\/li>\n\t\t\t\t\t\t\t\t<li class=\"elementor-icon-list-item elementor-inline-item\">\n\t\t\t\t\t\t\t\t\t\t\t<a href=\"https:\/\/www.instagram.com\/packagingpremiere\/\">\n\n\t\t\t\t\t\t\t\t\t\t\t\t<span class=\"elementor-icon-list-icon\">\n\t\t\t\t\t\t\t<i aria-hidden=\"true\" class=\"fab fa-instagram\"><\/i>\t\t\t\t\t\t<\/span>\n\t\t\t\t\t\t\t\t\t\t<span class=\"elementor-icon-list-text\"><\/span>\n\t\t\t\t\t\t\t\t\t\t\t<\/a>\n\t\t\t\t\t\t\t\t\t<\/li>\n\t\t\t\t\t\t\t\t<li class=\"elementor-icon-list-item elementor-inline-item\">\n\t\t\t\t\t\t\t\t\t\t\t<a href=\"https:\/\/www.linkedin.com\/company\/packaging-premi%C3%A8re\/\">\n\n\t\t\t\t\t\t\t\t\t\t\t\t<span class=\"elementor-icon-list-icon\">\n\t\t\t\t\t\t\t<i aria-hidden=\"true\" class=\"fab fa-linkedin\"><\/i>\t\t\t\t\t\t<\/span>\n\t\t\t\t\t\t\t\t\t\t<span class=\"elementor-icon-list-text\"><\/span>\n\t\t\t\t\t\t\t\t\t\t\t<\/a>\n\t\t\t\t\t\t\t\t\t<\/li>\n\t\t\t\t\t\t\t\t<li class=\"elementor-icon-list-item elementor-inline-item\">\n\t\t\t\t\t\t\t\t\t\t\t<a href=\"https:\/\/www.youtube.com\/channel\/UClPETJwTMY5MjhzmgJTlRJg\">\n\n\t\t\t\t\t\t\t\t\t\t\t\t<span class=\"elementor-icon-list-icon\">\n\t\t\t\t\t\t\t<i aria-hidden=\"true\" class=\"fab fa-youtube\"><\/i>\t\t\t\t\t\t<\/span>\n\t\t\t\t\t\t\t\t\t\t<span class=\"elementor-icon-list-text\"><\/span>\n\t\t\t\t\t\t\t\t\t\t\t<\/a>\n\t\t\t\t\t\t\t\t\t<\/li>\n\t\t\t\t\t\t<\/ul>\n\t\t\t\t\t\t<\/div>\n\t\t\t\t<\/div>\n\t\t\t\t<div class=\"elementor-element elementor-element-6b32fe3 elementor-widget elementor-widget-heading\" data-id=\"6b32fe3\" data-element_type=\"widget\" data-widget_type=\"heading.default\">\n\t\t\t\t<div class=\"elementor-widget-container\">\n\t\t\t\t\t<h2 class=\"elementor-heading-title elementor-size-default\"><b>Share the article <\/b><\/h2>\t\t\t\t<\/div>\n\t\t\t\t<\/div>\n\t\t\t\t<div class=\"elementor-element elementor-element-e442f9d elementor-share-buttons--view-icon-text elementor-share-buttons--skin-gradient elementor-share-buttons--shape-square elementor-grid-0 elementor-share-buttons--color-official elementor-widget elementor-widget-share-buttons\" data-id=\"e442f9d\" data-element_type=\"widget\" data-widget_type=\"share-buttons.default\">\n\t\t\t\t<div class=\"elementor-widget-container\">\n\t\t\t\t\t\t\t<div class=\"elementor-grid\" role=\"list\">\n\t\t\t\t\t\t\t\t<div class=\"elementor-grid-item\" role=\"listitem\">\n\t\t\t\t\t\t<div class=\"elementor-share-btn elementor-share-btn_facebook\" role=\"button\" tabindex=\"0\" aria-label=\"Share on facebook\">\n\t\t\t\t\t\t\t\t\t\t\t\t\t\t\t<span class=\"elementor-share-btn__icon\">\n\t\t\t\t\t\t\t\t<i class=\"fab fa-facebook\" aria-hidden=\"true\"><\/i>\t\t\t\t\t\t\t<\/span>\n\t\t\t\t\t\t\t\t\t\t\t\t\t\t\t\t\t\t\t\t\t\t<div class=\"elementor-share-btn__text\">\n\t\t\t\t\t\t\t\t\t\t\t\t\t\t\t\t\t\t\t<span class=\"elementor-share-btn__title\">\n\t\t\t\t\t\t\t\t\t\tFacebook\t\t\t\t\t\t\t\t\t<\/span>\n\t\t\t\t\t\t\t\t\t\t\t\t\t\t\t\t\t<\/div>\n\t\t\t\t\t\t\t\t\t\t\t\t\t<\/div>\n\t\t\t\t\t<\/div>\n\t\t\t\t\t\t\t\t\t<div class=\"elementor-grid-item\" role=\"listitem\">\n\t\t\t\t\t\t<div class=\"elementor-share-btn elementor-share-btn_linkedin\" role=\"button\" tabindex=\"0\" aria-label=\"Share on linkedin\">\n\t\t\t\t\t\t\t\t\t\t\t\t\t\t\t<span class=\"elementor-share-btn__icon\">\n\t\t\t\t\t\t\t\t<i class=\"fab fa-linkedin\" aria-hidden=\"true\"><\/i>\t\t\t\t\t\t\t<\/span>\n\t\t\t\t\t\t\t\t\t\t\t\t\t\t\t\t\t\t\t\t\t\t<div class=\"elementor-share-btn__text\">\n\t\t\t\t\t\t\t\t\t\t\t\t\t\t\t\t\t\t\t<span class=\"elementor-share-btn__title\">\n\t\t\t\t\t\t\t\t\t\tLinkedIn\t\t\t\t\t\t\t\t\t<\/span>\n\t\t\t\t\t\t\t\t\t\t\t\t\t\t\t\t\t<\/div>\n\t\t\t\t\t\t\t\t\t\t\t\t\t<\/div>\n\t\t\t\t\t<\/div>\n\t\t\t\t\t\t<\/div>\n\t\t\t\t\t\t<\/div>\n\t\t\t\t<\/div>\n\t\t\t\t\t<\/div>\n\t\t<\/div>\n\t\t\t\t<div class=\"elementor-column elementor-col-50 elementor-inner-column elementor-element elementor-element-453f3b9\" data-id=\"453f3b9\" data-element_type=\"column\" data-settings=\"{&quot;background_background&quot;:&quot;classic&quot;}\">\n\t\t\t<div class=\"elementor-widget-wrap elementor-element-populated\">\n\t\t\t\t\t\t<div class=\"elementor-element elementor-element-aa25d61 elementor-widget elementor-widget-theme-post-featured-image elementor-widget-image\" data-id=\"aa25d61\" data-element_type=\"widget\" data-widget_type=\"theme-post-featured-image.default\">\n\t\t\t\t<div class=\"elementor-widget-container\">\n\t\t\t\t\t\t\t\t\t\t\t\t\t\t\t<img loading=\"lazy\" decoding=\"async\" width=\"500\" height=\"500\" src=\"https:\/\/easyfairsassets.com\/sites\/60\/2024\/04\/img-27.png\" class=\"attachment-full size-full wp-image-141792\" alt=\"\" srcset=\"https:\/\/easyfairsassets.com\/sites\/60\/2024\/04\/img-27.png 500w, https:\/\/easyfairsassets.com\/sites\/60\/2024\/04\/img-27-300x300.png 300w, https:\/\/easyfairsassets.com\/sites\/60\/2024\/04\/img-27-150x150.png 150w\" sizes=\"(max-width: 500px) 100vw, 500px\" \/>\t\t\t\t\t\t\t\t\t\t\t\t\t\t\t<\/div>\n\t\t\t\t<\/div>\n\t\t\t\t<div class=\"elementor-element elementor-element-a044569 elementor-hidden-desktop elementor-hidden-tablet elementor-hidden-mobile elementor-widget elementor-widget-theme-post-featured-image elementor-widget-image\" data-id=\"a044569\" data-element_type=\"widget\" data-widget_type=\"theme-post-featured-image.default\">\n\t\t\t\t<div class=\"elementor-widget-container\">\n\t\t\t\t\t\t\t\t\t\t\t\t\t\t\t<img loading=\"lazy\" decoding=\"async\" width=\"500\" height=\"500\" src=\"https:\/\/easyfairsassets.com\/sites\/60\/2024\/04\/img-27.png\" class=\"attachment-large size-large wp-image-141792\" alt=\"\" srcset=\"https:\/\/easyfairsassets.com\/sites\/60\/2024\/04\/img-27.png 500w, https:\/\/easyfairsassets.com\/sites\/60\/2024\/04\/img-27-300x300.png 300w, https:\/\/easyfairsassets.com\/sites\/60\/2024\/04\/img-27-150x150.png 150w\" sizes=\"(max-width: 500px) 100vw, 500px\" \/>\t\t\t\t\t\t\t\t\t\t\t\t\t\t\t<\/div>\n\t\t\t\t<\/div>\n\t\t\t\t<div class=\"elementor-element elementor-element-96d9233 elementor-hidden-desktop elementor-hidden-tablet elementor-hidden-mobile elementor-widget elementor-widget-text-editor\" data-id=\"96d9233\" data-element_type=\"widget\" data-widget_type=\"text-editor.default\">\n\t\t\t\t<div class=\"elementor-widget-container\">\n\t\t\t\t\t\t\t\t\t<p>Lorem ipsum dolor sit amet, consectetur adipiscing elit Lorem ipsum dolor sit amet, consectetur adipiscing elit<\/p>\n\t\t\t\t\t\t\t\t<\/div>\n\t\t\t\t<\/div>\n\t\t\t\t<div class=\"elementor-element elementor-element-f3afd38 elementor-widget elementor-widget-spacer\" data-id=\"f3afd38\" data-element_type=\"widget\" data-widget_type=\"spacer.default\">\n\t\t\t\t<div class=\"elementor-widget-container\">\n\t\t\t\t\t\t\t<div class=\"elementor-spacer\">\n\t\t\t<div class=\"elementor-spacer-inner\"><\/div>\n\t\t<\/div>\n\t\t\t\t\t\t<\/div>\n\t\t\t\t<\/div>\n\t\t\t\t<div class=\"elementor-element elementor-element-23c76e8 elementor-widget elementor-widget-heading\" data-id=\"23c76e8\" data-element_type=\"widget\" data-widget_type=\"heading.default\">\n\t\t\t\t<div class=\"elementor-widget-container\">\n\t\t\t\t\t<h2 class=\"elementor-heading-title elementor-size-default\">The latest news from Packaging Premi\u00e8re e PCD Milan<\/h2>\t\t\t\t<\/div>\n\t\t\t\t<\/div>\n\t\t\t\t<div class=\"elementor-element elementor-element-ebc895c elementor-align-justify elementor-widget elementor-widget-dynamic-button\" data-id=\"ebc895c\" data-element_type=\"widget\" data-settings=\"{&quot;_animation&quot;:&quot;none&quot;}\" data-widget_type=\"dynamic-button.default\">\n\t\t\t\t<div class=\"elementor-widget-container\">\n\t\t\t\t\t        <div class=\"elementor-button-wrapper\">\n            <a href=\"https:\/\/www.packagingpremiere.it\/it\/iscriviti-alla-newsletter\/\" class=\"elementor-button-link elementor-button elementor-size-sm elementor-animation-grow\" role=\"button\">\n                        <span class=\"elementor-button-content-wrapper\">\n\t\t\t                <span class=\"elementor-button-icon elementor-align-icon-right\">\n\t\t\t\t<i aria-hidden=\"true\" class=\"fas fa-angle-right\"><\/i>\t\t\t<\/span>\n            \t\t\t<span class=\"elementor-button-text\">Subscribe to our newsletter<\/span>\n\t\t<\/span>\n                    <\/a>\n        <\/div>\n        \t\t\t\t<\/div>\n\t\t\t\t<\/div>\n\t\t\t\t\t<\/div>\n\t\t<\/div>\n\t\t\t\t\t<\/div>\n\t\t<\/section>\n\t\t\t\t\t<\/div>\n\t\t<\/div>\n\t\t\t\t\t<\/div>\n\t\t<\/section>\n\t\t\t\t<section class=\"elementor-section elementor-top-section elementor-element elementor-element-0bdcb8b elementor-section-full_width elementor-section-height-default elementor-section-height-default\" data-id=\"0bdcb8b\" data-element_type=\"section\" data-settings=\"{&quot;background_background&quot;:&quot;classic&quot;}\">\n\t\t\t\t\t\t<div class=\"elementor-container elementor-column-gap-custom\">\n\t\t\t\t\t<div class=\"elementor-column elementor-col-100 elementor-top-column elementor-element elementor-element-4946b40\" data-id=\"4946b40\" data-element_type=\"column\">\n\t\t\t<div class=\"elementor-widget-wrap\">\n\t\t\t\t\t\t\t<\/div>\n\t\t<\/div>\n\t\t\t\t\t<\/div>\n\t\t<\/section>\n\t\t\t\t<\/div>\n\t\t","protected":false},"excerpt":{"rendered":"<p>Art Gallery 2024, built by the digital artist Vincenzo Marsiglia, is dedicated to the works of digital art by some of the students from the two academies where the astist teaches: Accademia Aldo Galli di Como and Accademia Santa Giulia di Brescia.<\/p>\n","protected":false},"author":174,"featured_media":141792,"comment_status":"open","ping_status":"open","sticky":false,"template":"","format":"standard","meta":{"_seopress_robots_primary_cat":"none","_seopress_titles_title":"Enter the Encrypted World: Packaging Premi\u00e8re & PCD Milan 2024 Art Gallery dedicated to Digital Art.%%sep%% %%sitetitle%%","_seopress_titles_desc":"Art Gallery 2024, built by the digital artist Vincenzo Marsiglia, is dedicated to the works of digital art by some of the students from the two academies where the astist teaches: Accademia Aldo Galli di Como and Accademia Santa Giulia di Brescia.","_seopress_robots_index":"","footnotes":""},"categories":[354,350,2],"tags":[],"edition":[659],"class_list":["post-141789","post","type-post","status-publish","format-standard","has-post-thumbnail","hentry","category-art-gallery-en","category-top-news-en","category-uncategorized","edition-packaging-premiere-pcd-milan-2024"],"_links":{"self":[{"href":"https:\/\/www.packagingpremiere.it\/en\/wp-json\/wp\/v2\/posts\/141789","targetHints":{"allow":["GET"]}}],"collection":[{"href":"https:\/\/www.packagingpremiere.it\/en\/wp-json\/wp\/v2\/posts"}],"about":[{"href":"https:\/\/www.packagingpremiere.it\/en\/wp-json\/wp\/v2\/types\/post"}],"author":[{"embeddable":true,"href":"https:\/\/www.packagingpremiere.it\/en\/wp-json\/wp\/v2\/users\/174"}],"replies":[{"embeddable":true,"href":"https:\/\/www.packagingpremiere.it\/en\/wp-json\/wp\/v2\/comments?post=141789"}],"version-history":[{"count":5,"href":"https:\/\/www.packagingpremiere.it\/en\/wp-json\/wp\/v2\/posts\/141789\/revisions"}],"predecessor-version":[{"id":142891,"href":"https:\/\/www.packagingpremiere.it\/en\/wp-json\/wp\/v2\/posts\/141789\/revisions\/142891"}],"wp:featuredmedia":[{"embeddable":true,"href":"https:\/\/www.packagingpremiere.it\/en\/wp-json\/wp\/v2\/media\/141792"}],"wp:attachment":[{"href":"https:\/\/www.packagingpremiere.it\/en\/wp-json\/wp\/v2\/media?parent=141789"}],"wp:term":[{"taxonomy":"category","embeddable":true,"href":"https:\/\/www.packagingpremiere.it\/en\/wp-json\/wp\/v2\/categories?post=141789"},{"taxonomy":"post_tag","embeddable":true,"href":"https:\/\/www.packagingpremiere.it\/en\/wp-json\/wp\/v2\/tags?post=141789"},{"taxonomy":"edition","embeddable":true,"href":"https:\/\/www.packagingpremiere.it\/en\/wp-json\/wp\/v2\/edition?post=141789"}],"curies":[{"name":"wp","href":"https:\/\/api.w.org\/{rel}","templated":true}]}}